{"id":10074,"date":"2008-06-17T21:53:30","date_gmt":"2008-06-17T21:53:30","guid":{"rendered":"http:\/\/montanheiros.cecilia-designs.com\/?p=10074"},"modified":"2019-06-02T13:42:53","modified_gmt":"2019-06-02T13:42:53","slug":"palavas-recital-de-poesia-no-ventre-da-ilha","status":"publish","type":"post","link":"https:\/\/www.montanheiros.com\/en\/2008\/06\/17\/palavas-recital-de-poesia-no-ventre-da-ilha\/","title":{"rendered":"\u201cpaLavas\u201d recital de poesia no ventre da ilha"},"content":{"rendered":"\n<p>A Ecoteca de Angra do Hero\u00edsmo juntamente com a Associa\u00e7\u00e3o Os Montanheiros, organizaram um recital de poesia ambiental intitulado&#8221;paLavas&#8221;. Os convidados foram recebidos por um carreiro de luzes\u2026.at\u00e9 ao iluminado Pico do Carv\u00e3o, junto \u00e0 casa de apoio do Algar do Carv\u00e3o. Num ambiente h\u00famido, fresco e sil\u00eancioso, iniciou-se o recital e ouviram-se poemas por entre sombras e luzes. Poemas como &#8220;Pedra-poema para Henry Moore&#8221; de Emanuel F\u00e9lix, &#8220;Deita-me neste vendaval&#8221; e &#8220;D\u00e1divas&#8221; de Lu\u00edsa Ribeiro, &#8220;A concha&#8221; de Vitorino Nem\u00e9sio, &#8220;Mem\u00f3ria&#8221; e &#8220;Germina\u00e7\u00e3o&#8221; de S\u00f3nia Bettencourt, &#8220;Rimance de Dona Baleia&#8221; de \u00c1lamo de Oliveira, &#8220;Dois sangues&#8221; e &#8220;Postal de terra na terra&#8221; de Lu\u00edsa Ribeiro, &#8220;Manifesto anti-nuclear&#8221; e &#8221; Mem\u00f3rias de clorofila&#8221; de Ant\u00f3nio F\u00e9liz Rodrigues, &#8220;Intranquilidade&#8221; e &#8220;Remanso&#8221; de S\u00f3nia Bettencourt e &#8220;Namorados de Sarajevo&#8221; de Rui Duarte. Foram declamados por \u00c1lamo de Oliveira, Judite Parreira, Filomena Parreira e Ant\u00f3nio F\u00e9lix Rodrigues. No cessar das palavras o ventre do vulc\u00e3o foi envolvido por belas melodias de autores tamb\u00e9m a\u00e7orianos. Foram algunas dezenas de pessoas que quiseram presenciar esta fus\u00e3o entre as palavras e as lavas do vulc\u00e3o\u2026\u2026paLavas. Reveja tudo aqui: RTP A\u00c7ORES &#8211; &#8220;CINCO MINUTOS DE CULTURA&#8221; apresentado por Andreia Fernandes <\/p>\n","protected":false},"excerpt":{"rendered":"<p>A Ecoteca de Angra do Hero\u00edsmo juntamente com a Associa\u00e7\u00e3o Os Montanheiros, organizaram um recital de poesia ambiental intitulado&#8221;paLavas&#8221;. Os convidados foram recebidos por um carreiro de luzes\u2026.at\u00e9 ao iluminado Pico do Carv\u00e3o, junto \u00e0 casa de apoio do Algar do Carv\u00e3o. Num ambiente h\u00famido, fresco e sil\u00eancioso, iniciou-se o recital e ouviram-se poemas por [&#8230;]\n","protected":false},"author":1,"featured_media":0,"comment_status":"closed","ping_status":"closed","sticky":false,"template":"","format":"standard","meta":{"jetpack_post_was_ever_published":false,"_jetpack_newsletter_access":"","_jetpack_dont_email_post_to_subs":false,"_jetpack_newsletter_tier_id":0,"_jetpack_memberships_contains_paywalled_content":false,"_jetpack_memberships_contains_paid_content":false,"footnotes":"","jetpack_publicize_message":"","jetpack_publicize_feature_enabled":true,"jetpack_social_post_already_shared":true,"jetpack_social_options":{"image_generator_settings":{"template":"highway","default_image_id":0,"font":"","enabled":false},"version":2}},"categories":[125],"tags":[426],"class_list":["post-10074","post","type-post","status-publish","format-standard","hentry","category-terceira","tag-poesia"],"jetpack_publicize_connections":[],"jetpack_featured_media_url":"","jetpack_sharing_enabled":true,"jetpack_shortlink":"https:\/\/wp.me\/paT0CI-2Cu","_links":{"self":[{"href":"https:\/\/www.montanheiros.com\/en\/wp-json\/wp\/v2\/posts\/10074","targetHints":{"allow":["GET"]}}],"collection":[{"href":"https:\/\/www.montanheiros.com\/en\/wp-json\/wp\/v2\/posts"}],"about":[{"href":"https:\/\/www.montanheiros.com\/en\/wp-json\/wp\/v2\/types\/post"}],"author":[{"embeddable":true,"href":"https:\/\/www.montanheiros.com\/en\/wp-json\/wp\/v2\/users\/1"}],"replies":[{"embeddable":true,"href":"https:\/\/www.montanheiros.com\/en\/wp-json\/wp\/v2\/comments?post=10074"}],"version-history":[{"count":1,"href":"https:\/\/www.montanheiros.com\/en\/wp-json\/wp\/v2\/posts\/10074\/revisions"}],"predecessor-version":[{"id":10075,"href":"https:\/\/www.montanheiros.com\/en\/wp-json\/wp\/v2\/posts\/10074\/revisions\/10075"}],"wp:attachment":[{"href":"https:\/\/www.montanheiros.com\/en\/wp-json\/wp\/v2\/media?parent=10074"}],"wp:term":[{"taxonomy":"category","embeddable":true,"href":"https:\/\/www.montanheiros.com\/en\/wp-json\/wp\/v2\/categories?post=10074"},{"taxonomy":"post_tag","embeddable":true,"href":"https:\/\/www.montanheiros.com\/en\/wp-json\/wp\/v2\/tags?post=10074"}],"curies":[{"name":"wp","href":"https:\/\/api.w.org\/{rel}","templated":true}]}}