{"id":10248,"date":"2009-05-06T23:32:48","date_gmt":"2009-05-06T23:32:48","guid":{"rendered":"http:\/\/montanheiros.cecilia-designs.com\/?p=10248"},"modified":"2019-06-02T13:53:43","modified_gmt":"2019-06-02T13:53:43","slug":"exposicao-artes-tu-ilha-terceira","status":"publish","type":"post","link":"https:\/\/www.montanheiros.com\/en\/2009\/05\/06\/exposicao-artes-tu-ilha-terceira\/","title":{"rendered":"Exposi\u00e7\u00e3o \u201cArt\u00e9s t\u00fa\u201d - ilha Terceira"},"content":{"rendered":"\n<div class=\"wp-block-image\"><figure class=\"alignleft\"><img loading=\"lazy\" decoding=\"async\" width=\"200\" height=\"150\" src=\"http:\/\/montanheiros.cecilia-designs.com\/wp-content\/uploads\/2019\/06\/big1241645578.jpg\" alt=\"\" class=\"wp-image-10249\"\/><\/figure><\/div>\n\n\n\n<p>A Ecoteca de Angra do Hero\u00edsmo convida todos os interessados a visitarem a exposi\u00e7\u00e3o que estar\u00e1 patente no seu espa\u00e7o, na Rua do Galo n.\u00ba 112, durante o m\u00eas de Maio. \u201cART\u00c9S T\u00da\u201d \u00e9 uma mostra de artefactos produzidos com reaproveitamento de materiais conjugando as fun\u00e7\u00f5es art\u00edstica (est\u00e9tica) e pr\u00e1tica (utens\u00edlios). Desta feita, \u00e9 respeitado o crit\u00e9rio da perdurabilidade, sem o qual dificilmente seria reconhecido a este tipo de trabalho o papel que, verdadeiramente, desempenha na procura de um estado de coisas sustent\u00e1vel. Se a principal conclus\u00e3o da famosa Cimeira do Rio de Janeiro em 1992, em que os representantes de 156 pa\u00edses actualizaram o debate acerca dos princ\u00edpios de um desenvolvimento sustent\u00e1vel, foi a de que o modelo actual de consumo choca radicalmente com o facto incontorn\u00e1vel de que os recursos naturais s\u00e3o limitados, quer no que se refere a sumidouros de res\u00edduos, quer se trate da extrac\u00e7\u00e3o de mat\u00e9rias-primas para a produ\u00e7\u00e3o de bens de consumo, ent\u00e3o o reaproveitamento de materiais para a produ\u00e7\u00e3o de objectos \u00fateis, para al\u00e9m de diminuir o volume dos res\u00edduos em aterro e de contribuir para uma redu\u00e7\u00e3o daqueloutros que s\u00e3o triados e reciclados, contribui para uma redu\u00e7\u00e3o do consumo de mat\u00e9rias-primas justamente pela dimens\u00e3o utilit\u00e1ria dos objectos produzidos. A exposi\u00e7\u00e3o, iniciativa da Ecoteca de Angra do Hero\u00edsmo que contou com o apoio da Associa\u00e7\u00e3o \u201cOs Montanheiros\u201d e da Secretaria Regional do Ambiente e do Mar, re\u00fane 15 artefactos de autores de diferentes \u00e1reas, sugerindo a arte como faculdade latente em cada ser humano, que a pode desenvolver se assim o desejar. <\/p>\n","protected":false},"excerpt":{"rendered":"<p>A Ecoteca de Angra do Hero\u00edsmo convida todos os interessados a visitarem a exposi\u00e7\u00e3o que estar\u00e1 patente no seu espa\u00e7o, na Rua do Galo n.\u00ba 112, durante o m\u00eas de Maio. \u201cART\u00c9S T\u00da\u201d \u00e9 uma mostra de artefactos produzidos com reaproveitamento de materiais conjugando as fun\u00e7\u00f5es art\u00edstica (est\u00e9tica) e pr\u00e1tica (utens\u00edlios). Desta feita, \u00e9 respeitado [&#8230;]\n","protected":false},"author":1,"featured_media":0,"comment_status":"closed","ping_status":"closed","sticky":false,"template":"","format":"standard","meta":{"jetpack_post_was_ever_published":false,"_jetpack_newsletter_access":"","_jetpack_dont_email_post_to_subs":false,"_jetpack_newsletter_tier_id":0,"_jetpack_memberships_contains_paywalled_content":false,"_jetpack_memberships_contains_paid_content":false,"footnotes":"","jetpack_publicize_message":"","jetpack_publicize_feature_enabled":true,"jetpack_social_post_already_shared":true,"jetpack_social_options":{"image_generator_settings":{"template":"highway","default_image_id":0,"font":"","enabled":false},"version":2}},"categories":[125],"tags":[437],"class_list":["post-10248","post","type-post","status-publish","format-standard","hentry","category-terceira","tag-exposicao-artes-tu"],"jetpack_publicize_connections":[],"jetpack_featured_media_url":"","jetpack_sharing_enabled":true,"jetpack_shortlink":"https:\/\/wp.me\/paT0CI-2Fi","_links":{"self":[{"href":"https:\/\/www.montanheiros.com\/en\/wp-json\/wp\/v2\/posts\/10248","targetHints":{"allow":["GET"]}}],"collection":[{"href":"https:\/\/www.montanheiros.com\/en\/wp-json\/wp\/v2\/posts"}],"about":[{"href":"https:\/\/www.montanheiros.com\/en\/wp-json\/wp\/v2\/types\/post"}],"author":[{"embeddable":true,"href":"https:\/\/www.montanheiros.com\/en\/wp-json\/wp\/v2\/users\/1"}],"replies":[{"embeddable":true,"href":"https:\/\/www.montanheiros.com\/en\/wp-json\/wp\/v2\/comments?post=10248"}],"version-history":[{"count":1,"href":"https:\/\/www.montanheiros.com\/en\/wp-json\/wp\/v2\/posts\/10248\/revisions"}],"predecessor-version":[{"id":10250,"href":"https:\/\/www.montanheiros.com\/en\/wp-json\/wp\/v2\/posts\/10248\/revisions\/10250"}],"wp:attachment":[{"href":"https:\/\/www.montanheiros.com\/en\/wp-json\/wp\/v2\/media?parent=10248"}],"wp:term":[{"taxonomy":"category","embeddable":true,"href":"https:\/\/www.montanheiros.com\/en\/wp-json\/wp\/v2\/categories?post=10248"},{"taxonomy":"post_tag","embeddable":true,"href":"https:\/\/www.montanheiros.com\/en\/wp-json\/wp\/v2\/tags?post=10248"}],"curies":[{"name":"wp","href":"https:\/\/api.w.org\/{rel}","templated":true}]}}