{"id":10374,"date":"2019-06-02T10:59:22","date_gmt":"2019-06-02T10:59:22","guid":{"rendered":"http:\/\/montanheiros.cecilia-designs.com\/?p=10374"},"modified":"2019-11-30T16:25:40","modified_gmt":"2019-11-30T16:25:40","slug":"clube-desportivo-montanheiros-organizou-mais-uma-edicao-do-terceira-boulder-contest","status":"publish","type":"post","link":"https:\/\/www.montanheiros.com\/en\/2019\/06\/02\/clube-desportivo-montanheiros-organizou-mais-uma-edicao-do-terceira-boulder-contest\/","title":{"rendered":"Clube Desportivo Montanheiros organizou mais uma edi\u00e7\u00e3o do Terceira Boulder Contest"},"content":{"rendered":"\n<div class=\"wp-block-image\"><figure class=\"alignleft is-resized\"><img loading=\"lazy\" decoding=\"async\" src=\"http:\/\/montanheiros.cecilia-designs.com\/wp-content\/uploads\/2019\/06\/big1560438869.jpg\" alt=\"\" class=\"wp-image-10375\" width=\"285\" height=\"213\" srcset=\"https:\/\/www.montanheiros.com\/wp-content\/uploads\/2019\/06\/big1560438869.jpg 640w, https:\/\/www.montanheiros.com\/wp-content\/uploads\/2019\/06\/big1560438869-534x400.jpg 534w, https:\/\/www.montanheiros.com\/wp-content\/uploads\/2019\/06\/big1560438869-500x374.jpg 500w\" sizes=\"auto, (max-width: 285px) 100vw, 285px\" \/><\/figure><\/div>\n\n\n\n<p>Realizou-se no passado dia 02 Junho o \nTerceira Boulder Contest 2019 &#8211; Competi\u00e7\u00e3o de escalada de bloco, que \nreuniu escaladores de toda a Ilha Terceira na Sala de Gin\u00e1stica do \nComplexo Desportivo Tom\u00e1s de Borba.<br>O TBC, \u00e9 uma prova \u00fanica nos \nA\u00e7ores, inserida nas comemora\u00e7\u00f5es do 3\u00ba anivers\u00e1rio do Clube Desportivo \nMontanheiros, que este ano trouxe a novidade de ter como equipador \nprincipal Jo\u00e3o \u00c9vora, t\u00e9cnico da Federa\u00e7\u00e3o Portuguesa de Montanhismo e Escalada, pelo que se assistiu a um evento de grande qualidade com vias de n\u00edvel elevado.<br>O\n evento iniciou-se pelas 10h30 e foi aberto a todos os escal\u00f5es. Durante\n a tarde depois da pausa para o almo\u00e7o, realizaram-se as finais e \napuraram-se os vencedores.<br>A entrega de pr\u00e9mios aos primeiros \nclassificados acontecer\u00e1 no dia 1 de Dezembro durante as comemora\u00e7\u00f5es do\n anivers\u00e1rio da Associa\u00e7\u00e3o Os Montanheiros.<\/p>\n\n\n\n<p>Em conclus\u00e3o salienta-se a elevada \nqualidade das vias, da autoria de Jo\u00e3o \u00c9vora e a dificuldade destas. O \nn\u00edvel doTerceira Boulder Contest est\u00e1 a crescer de ano para ano, com \nblocos, cada vez mais dif\u00edceis e complexos, prova de que o n\u00edvel dos \nescaladores terceirenses, principalmente entre os escal\u00f5es mais jovens, \nest\u00e1 cada vez mais alto, fruto da participa\u00e7\u00e3o de atletas do CDM, no \nCircuito Nacional da modalidade e do restante trabalho que est\u00e1 ser \nrealizado pelo clube durante toda a \u00e9poca.<\/p>\n\n\n\n<p>Parab\u00e9ns a todos os atletas que \nparticiparam neste grande evento e um muito obrigado ao equipador Jo\u00e3o \n\u00c9vora, routesetter da Federa\u00e7\u00e3o Portuguesa de Montanhismo e Escalada, \nque proporcionou aos atletas problemas de grande qualidade.<\/p>\n\n\n\n<p>Obrigado aos nossos apoios e patrocinadores:<br>Dire\u00e7\u00e3o Regional do Desporto<br>Marca A\u00e7ores<br>Sailstour<br>Bombeiros Volunt\u00e1rios de Angra do Hero\u00edsmo<br>Alunos do Curso profissional de T\u00e9cnico de Desporto, da Escola Jer\u00f3nimo Emiliano de Andrade.<\/p>\n\n\n\n<p>Todos os resultados encontram-se dispon\u00edveis no nosso site oficial em &#8221; Documenta\u00e7\u00e3o&#8221;.<\/p>\n","protected":false},"excerpt":{"rendered":"<p>Realizou-se no passado dia 02 Junho o Terceira Boulder Contest 2019 &#8211; Competi\u00e7\u00e3o de escalada de bloco, que reuniu escaladores de toda a Ilha Terceira na Sala de Gin\u00e1stica do Complexo Desportivo Tom\u00e1s de Borba.O TBC, \u00e9 uma prova \u00fanica nos A\u00e7ores, inserida nas comemora\u00e7\u00f5es do 3\u00ba anivers\u00e1rio do Clube Desportivo Montanheiros, que este ano [&#8230;]\n","protected":false},"author":1,"featured_media":0,"comment_status":"closed","ping_status":"closed","sticky":false,"template":"","format":"standard","meta":{"jetpack_post_was_ever_published":false,"_jetpack_newsletter_access":"","_jetpack_dont_email_post_to_subs":false,"_jetpack_newsletter_tier_id":0,"_jetpack_memberships_contains_paywalled_content":false,"_jetpack_memberships_contains_paid_content":false,"footnotes":"","jetpack_publicize_message":"","jetpack_publicize_feature_enabled":true,"jetpack_social_post_already_shared":true,"jetpack_social_options":{"image_generator_settings":{"template":"highway","default_image_id":0,"font":"","enabled":false},"version":2}},"categories":[147,464],"tags":[117],"class_list":["post-10374","post","type-post","status-publish","format-standard","hentry","category-cdm","category-noticias","tag-escalada"],"jetpack_publicize_connections":[],"jetpack_featured_media_url":"","jetpack_sharing_enabled":true,"jetpack_shortlink":"https:\/\/wp.me\/paT0CI-2Hk","_links":{"self":[{"href":"https:\/\/www.montanheiros.com\/en\/wp-json\/wp\/v2\/posts\/10374","targetHints":{"allow":["GET"]}}],"collection":[{"href":"https:\/\/www.montanheiros.com\/en\/wp-json\/wp\/v2\/posts"}],"about":[{"href":"https:\/\/www.montanheiros.com\/en\/wp-json\/wp\/v2\/types\/post"}],"author":[{"embeddable":true,"href":"https:\/\/www.montanheiros.com\/en\/wp-json\/wp\/v2\/users\/1"}],"replies":[{"embeddable":true,"href":"https:\/\/www.montanheiros.com\/en\/wp-json\/wp\/v2\/comments?post=10374"}],"version-history":[{"count":1,"href":"https:\/\/www.montanheiros.com\/en\/wp-json\/wp\/v2\/posts\/10374\/revisions"}],"predecessor-version":[{"id":10376,"href":"https:\/\/www.montanheiros.com\/en\/wp-json\/wp\/v2\/posts\/10374\/revisions\/10376"}],"wp:attachment":[{"href":"https:\/\/www.montanheiros.com\/en\/wp-json\/wp\/v2\/media?parent=10374"}],"wp:term":[{"taxonomy":"category","embeddable":true,"href":"https:\/\/www.montanheiros.com\/en\/wp-json\/wp\/v2\/categories?post=10374"},{"taxonomy":"post_tag","embeddable":true,"href":"https:\/\/www.montanheiros.com\/en\/wp-json\/wp\/v2\/tags?post=10374"}],"curies":[{"name":"wp","href":"https:\/\/api.w.org\/{rel}","templated":true}]}}