{"id":10619,"date":"2019-08-20T07:42:38","date_gmt":"2019-08-20T07:42:38","guid":{"rendered":"http:\/\/montanheiros.cecilia-designs.com\/?p=10619"},"modified":"2019-11-30T16:22:49","modified_gmt":"2019-11-30T16:22:49","slug":"trabalhos-de-prospeccao-de-algumas-grutas-de-s-jorge","status":"publish","type":"post","link":"https:\/\/www.montanheiros.com\/en\/2019\/08\/20\/trabalhos-de-prospeccao-de-algumas-grutas-de-s-jorge\/","title":{"rendered":"TRABALHOS DE PROSPEC\u00c7\u00c3O DE ALGUMAS GRUTAS DE S.JORGE"},"content":{"rendered":"\n<div class=\"wp-block-image\"><figure class=\"aligncenter is-resized\"><img loading=\"lazy\" decoding=\"async\" src=\"http:\/\/montanheiros.cecilia-designs.com\/wp-content\/uploads\/2019\/10\/big1566488598.jpg\" alt=\"\" class=\"wp-image-10620\" width=\"267\" height=\"200\" srcset=\"https:\/\/www.montanheiros.com\/wp-content\/uploads\/2019\/10\/big1566488598.jpg 1024w, https:\/\/www.montanheiros.com\/wp-content\/uploads\/2019\/10\/big1566488598-533x400.jpg 533w, https:\/\/www.montanheiros.com\/wp-content\/uploads\/2019\/10\/big1566488598-768x576.jpg 768w, https:\/\/www.montanheiros.com\/wp-content\/uploads\/2019\/10\/big1566488598-500x375.jpg 500w\" sizes=\"auto, (max-width: 267px) 100vw, 267px\" \/><\/figure><\/div>\n\n\n\n<p>Durante a semana de 13 a 20 de agosto, um dos elementos da Associa\u00e7\u00e3o\n Os Montanheiros da ilha Terceira (Fernando Pereira), deslocou-se a S\u00e3o \nJorge para colaborar com o N\u00facleo desta ilha na prospe\u00e7\u00e3o e medi\u00e7\u00e3o de \nalgumas grutas cuja topografia ainda n\u00e3o se encontrava realizada.<\/p>\n\n\n\n<p>Foram medidas as seguintes cavidades: Furna das Pombas, Gruta da \nCanada do Pedroso, Gruta da Ribeira da Areia, tamb\u00e9m conhecido por Algar\n da Moleca, Caverna do Porto da Ribeira do Nabo, Furna da Pregui\u00e7a I e \nII, Gruta do Caminho das Areias, Gruta dos Ladr\u00f5es, Gruta das Ra\u00edzes, \nGruta do Mirante, Gruta do Brejo, Gruta das Caldeiras, Gruta da Queimada\n Brava e Grutas do Pasto do L\u00facio I, II, III e IV.<\/p>\n\n\n\n<p>Ser\u00e3o agora tratados os dados recolhidos com o objetivo de se \nrealizar a topografia de cada gruta e a respetiva planta, bem como a \nimplanta\u00e7\u00e3o da sua localiza\u00e7\u00e3o no mapa da ilha.<\/p>\n\n\n\n<p>Foi ainda realizada uma prospe\u00e7\u00e3o na Serra (freguesia do Norte \nPequeno e Manadas), junto de algumas crateras e na pastagem dos Montes \nClaros, onde se verificou que os buracos existentes no terreno n\u00e3o eram \nalgares, mas sim fendas, tal como as &#8220;arregoas&#8221;, j\u00e1 conhecidas nas \nproximidades, que se prolongam ao longo de uma linha ou falha no \nterreno.<\/p>\n","protected":false},"excerpt":{"rendered":"<p>Durante a semana de 13 a 20 de agosto, um dos elementos da Associa\u00e7\u00e3o Os Montanheiros da ilha Terceira (Fernando Pereira), deslocou-se a S\u00e3o Jorge para colaborar com o N\u00facleo desta ilha na prospe\u00e7\u00e3o e medi\u00e7\u00e3o de algumas grutas cuja topografia ainda n\u00e3o se encontrava realizada. Foram medidas as seguintes cavidades: Furna das Pombas, Gruta [&#8230;]\n","protected":false},"author":1,"featured_media":0,"comment_status":"closed","ping_status":"closed","sticky":false,"template":"","format":"standard","meta":{"jetpack_post_was_ever_published":false,"_jetpack_newsletter_access":"","_jetpack_dont_email_post_to_subs":false,"_jetpack_newsletter_tier_id":0,"_jetpack_memberships_contains_paywalled_content":false,"_jetpack_memberships_contains_paid_content":false,"footnotes":"","jetpack_publicize_message":"","jetpack_publicize_feature_enabled":true,"jetpack_social_post_already_shared":true,"jetpack_social_options":{"image_generator_settings":{"template":"highway","default_image_id":0,"font":"","enabled":false},"version":2}},"categories":[124,464],"tags":[],"class_list":["post-10619","post","type-post","status-publish","format-standard","hentry","category-sjorge","category-noticias"],"jetpack_publicize_connections":[],"jetpack_featured_media_url":"","jetpack_sharing_enabled":true,"jetpack_shortlink":"https:\/\/wp.me\/paT0CI-2Lh","_links":{"self":[{"href":"https:\/\/www.montanheiros.com\/en\/wp-json\/wp\/v2\/posts\/10619","targetHints":{"allow":["GET"]}}],"collection":[{"href":"https:\/\/www.montanheiros.com\/en\/wp-json\/wp\/v2\/posts"}],"about":[{"href":"https:\/\/www.montanheiros.com\/en\/wp-json\/wp\/v2\/types\/post"}],"author":[{"embeddable":true,"href":"https:\/\/www.montanheiros.com\/en\/wp-json\/wp\/v2\/users\/1"}],"replies":[{"embeddable":true,"href":"https:\/\/www.montanheiros.com\/en\/wp-json\/wp\/v2\/comments?post=10619"}],"version-history":[{"count":1,"href":"https:\/\/www.montanheiros.com\/en\/wp-json\/wp\/v2\/posts\/10619\/revisions"}],"predecessor-version":[{"id":10621,"href":"https:\/\/www.montanheiros.com\/en\/wp-json\/wp\/v2\/posts\/10619\/revisions\/10621"}],"wp:attachment":[{"href":"https:\/\/www.montanheiros.com\/en\/wp-json\/wp\/v2\/media?parent=10619"}],"wp:term":[{"taxonomy":"category","embeddable":true,"href":"https:\/\/www.montanheiros.com\/en\/wp-json\/wp\/v2\/categories?post=10619"},{"taxonomy":"post_tag","embeddable":true,"href":"https:\/\/www.montanheiros.com\/en\/wp-json\/wp\/v2\/tags?post=10619"}],"curies":[{"name":"wp","href":"https:\/\/api.w.org\/{rel}","templated":true}]}}