{"id":11600,"date":"2014-12-25T18:05:29","date_gmt":"2014-12-25T18:05:29","guid":{"rendered":"http:\/\/montanheiros.cecilia-designs.com\/?p=11600"},"modified":"2019-11-29T18:07:08","modified_gmt":"2019-11-29T18:07:08","slug":"missa-do-natal-na-gruta-2","status":"publish","type":"post","link":"https:\/\/www.montanheiros.com\/en\/2014\/12\/25\/missa-do-natal-na-gruta-2\/","title":{"rendered":"MISSA DO NATAL NA GRUTA"},"content":{"rendered":"\n<div class=\"wp-block-image\"><figure class=\"aligncenter size-large is-resized\"><img loading=\"lazy\" decoding=\"async\" src=\"http:\/\/montanheiros.cecilia-designs.com\/wp-content\/uploads\/2019\/11\/big1419004170.jpg\" alt=\"\" class=\"wp-image-11601\" width=\"327\" height=\"236\" srcset=\"https:\/\/www.montanheiros.com\/wp-content\/uploads\/2019\/11\/big1419004170.jpg 1024w, https:\/\/www.montanheiros.com\/wp-content\/uploads\/2019\/11\/big1419004170-555x400.jpg 555w, https:\/\/www.montanheiros.com\/wp-content\/uploads\/2019\/11\/big1419004170-768x554.jpg 768w, https:\/\/www.montanheiros.com\/wp-content\/uploads\/2019\/11\/big1419004170-500x360.jpg 500w\" sizes=\"auto, (max-width: 327px) 100vw, 327px\" \/><\/figure><\/div>\n\n\n\n<p>25 de Dezembro de 2014 (16:00 &#8211; 17:30) | LOCAL: Gruta do Natal         <\/p>\n\n\n\n<p>Nesta quadra festiva, como tem sido tradi\u00e7\u00e3o nos \u00faltimos anos, ter\u00e1 lugar a celebra\u00e7\u00e3o da <strong>Missa do Natal no dia 25 de dezembro, na Gruta do Natal pelas 15:00h<\/strong>.<\/p>\n\n\n\n<p>A missa ser\u00e1 celebrada pelo Bispo dos A\u00e7ores, D. Ant\u00f3nio Braga.<\/p>\n\n\n\n<p>A Associa\u00e7\u00e3o Os Montanheiros convida todos os s\u00f3cios e p\u00fablico em \ngeral, a participarem nas celebra\u00e7\u00f5es do Natal em comunh\u00e3o com a \nnatureza.<\/p>\n\n\n\n<p>Boas Festas s\u00e3o os votos da<\/p>\n\n\n\n<p>Dire\u00e7\u00e3o e funcion\u00e1rios da Associa\u00e7\u00e3o Os Montanheiros<\/p>\n","protected":false},"excerpt":{"rendered":"<p>25 de Dezembro de 2014 (16:00 &#8211; 17:30) | LOCAL: Gruta do Natal Nesta quadra festiva, como tem sido tradi\u00e7\u00e3o nos \u00faltimos anos, ter\u00e1 lugar a celebra\u00e7\u00e3o da Missa do Natal no dia 25 de dezembro, na Gruta do Natal pelas 15:00h. A missa ser\u00e1 celebrada pelo Bispo dos A\u00e7ores, D. Ant\u00f3nio Braga. A Associa\u00e7\u00e3o [&#8230;]\n","protected":false},"author":1,"featured_media":11601,"comment_status":"closed","ping_status":"closed","sticky":false,"template":"","format":"standard","meta":{"jetpack_post_was_ever_published":false,"_jetpack_newsletter_access":"","_jetpack_dont_email_post_to_subs":false,"_jetpack_newsletter_tier_id":0,"_jetpack_memberships_contains_paywalled_content":false,"_jetpack_memberships_contains_paid_content":false,"footnotes":"","jetpack_publicize_message":"","jetpack_publicize_feature_enabled":true,"jetpack_social_post_already_shared":true,"jetpack_social_options":{"image_generator_settings":{"template":"highway","default_image_id":0,"font":"","enabled":false},"version":2}},"categories":[456],"tags":[],"class_list":["post-11600","post","type-post","status-publish","format-standard","has-post-thumbnail","hentry","category-agenda"],"jetpack_publicize_connections":[],"jetpack_featured_media_url":"https:\/\/www.montanheiros.com\/wp-content\/uploads\/2019\/11\/big1419004170.jpg","jetpack_sharing_enabled":true,"jetpack_shortlink":"https:\/\/wp.me\/paT0CI-316","_links":{"self":[{"href":"https:\/\/www.montanheiros.com\/en\/wp-json\/wp\/v2\/posts\/11600","targetHints":{"allow":["GET"]}}],"collection":[{"href":"https:\/\/www.montanheiros.com\/en\/wp-json\/wp\/v2\/posts"}],"about":[{"href":"https:\/\/www.montanheiros.com\/en\/wp-json\/wp\/v2\/types\/post"}],"author":[{"embeddable":true,"href":"https:\/\/www.montanheiros.com\/en\/wp-json\/wp\/v2\/users\/1"}],"replies":[{"embeddable":true,"href":"https:\/\/www.montanheiros.com\/en\/wp-json\/wp\/v2\/comments?post=11600"}],"version-history":[{"count":1,"href":"https:\/\/www.montanheiros.com\/en\/wp-json\/wp\/v2\/posts\/11600\/revisions"}],"predecessor-version":[{"id":11602,"href":"https:\/\/www.montanheiros.com\/en\/wp-json\/wp\/v2\/posts\/11600\/revisions\/11602"}],"wp:featuredmedia":[{"embeddable":true,"href":"https:\/\/www.montanheiros.com\/en\/wp-json\/wp\/v2\/media\/11601"}],"wp:attachment":[{"href":"https:\/\/www.montanheiros.com\/en\/wp-json\/wp\/v2\/media?parent=11600"}],"wp:term":[{"taxonomy":"category","embeddable":true,"href":"https:\/\/www.montanheiros.com\/en\/wp-json\/wp\/v2\/categories?post=11600"},{"taxonomy":"post_tag","embeddable":true,"href":"https:\/\/www.montanheiros.com\/en\/wp-json\/wp\/v2\/tags?post=11600"}],"curies":[{"name":"wp","href":"https:\/\/api.w.org\/{rel}","templated":true}]}}