{"id":11897,"date":"2019-06-02T10:34:00","date_gmt":"2019-06-02T10:34:00","guid":{"rendered":"http:\/\/montanheiros.cecilia-designs.com\/?p=11897"},"modified":"2019-11-30T10:35:23","modified_gmt":"2019-11-30T10:35:23","slug":"terceira-boulder-contest-2019","status":"publish","type":"post","link":"https:\/\/www.montanheiros.com\/en\/2019\/06\/02\/terceira-boulder-contest-2019\/","title":{"rendered":"TERCEIRA BOULDER CONTEST 2019"},"content":{"rendered":"\n<div class=\"wp-block-image\"><figure class=\"alignleft size-large is-resized\"><img loading=\"lazy\" decoding=\"async\" src=\"http:\/\/montanheiros.cecilia-designs.com\/wp-content\/uploads\/2019\/11\/big1559056881.jpg\" alt=\"\" class=\"wp-image-11898\" width=\"259\" height=\"387\" srcset=\"https:\/\/www.montanheiros.com\/wp-content\/uploads\/2019\/11\/big1559056881.jpg 352w, https:\/\/www.montanheiros.com\/wp-content\/uploads\/2019\/11\/big1559056881-268x400.jpg 268w\" sizes=\"auto, (max-width: 259px) 100vw, 259px\" \/><\/figure><\/div>\n\n\n\n<p>02 de Junho de 2019| LOCAL: Gin\u00e1sio da Escola B\u00e1sica e Secud\u00e1ria Tom\u00e1s de Borba &#8211; S. Carlos         <\/p>\n\n\n\n<p>O CDM &#8211; Clube Desportivo Montanheiros, ir\u00e1 realizar&nbsp;&nbsp;no pr\u00f3ximo \ndia&nbsp;02 de&nbsp;junho o&nbsp;Terceira Boulder Contest 2019 &#8211; Competi\u00e7\u00e3o de escalada\n em bloco, que reunir\u00e1 os escaladores de toda a Ilha Terceira&nbsp; na Sala \nde Gin\u00e1stica do Complexo Desportivo Tom\u00e1s de Borba.<\/p>\n\n\n\n<p>\u00c9 uma prova \u00fanica nos A\u00e7ores, numa parede de escalada tamb\u00e9m ela \n\u00fanica no arquip\u00e9lago, que este ano tr\u00e1s a novidade de ter como equipador\n principal&nbsp;Jo\u00e3o \u00c9vora, t\u00e9cnico da Federa\u00e7\u00e3o Portuguesa de Montanhismo e \nEscalada.<\/p>\n\n\n\n<p>Este evento est\u00e1 inserido nas comemora\u00e7\u00f5es do 3\u00ba anivers\u00e1rio do Clube Desportivo Montanheiros.<\/p>\n\n\n\n<p>O evento ter\u00e1 in\u00edcio pelas 09h00, com abertura do secretariado \u00e0s \n9h30 e in\u00edcio da competi\u00e7\u00e3o para todos os escal\u00f5es pelas 10h30. Durante a\n tarde depois da pausa para o almo\u00e7o, ter\u00e3o lugar as finais tamb\u00e9m de \ntodos os escal\u00f5es \u00e0s 15h00, estando o encerramento da competi\u00e7\u00e3o \nprevisto para as 18h00.<\/p>\n","protected":false},"excerpt":{"rendered":"<p>02 de Junho de 2019| LOCAL: Gin\u00e1sio da Escola B\u00e1sica e Secud\u00e1ria Tom\u00e1s de Borba &#8211; S. Carlos O CDM &#8211; Clube Desportivo Montanheiros, ir\u00e1 realizar&nbsp;&nbsp;no pr\u00f3ximo dia&nbsp;02 de&nbsp;junho o&nbsp;Terceira Boulder Contest 2019 &#8211; Competi\u00e7\u00e3o de escalada em bloco, que reunir\u00e1 os escaladores de toda a Ilha Terceira&nbsp; na Sala de Gin\u00e1stica do Complexo Desportivo [&#8230;]\n","protected":false},"author":1,"featured_media":11898,"comment_status":"closed","ping_status":"closed","sticky":false,"template":"","format":"standard","meta":{"jetpack_post_was_ever_published":false,"_jetpack_newsletter_access":"","_jetpack_dont_email_post_to_subs":false,"_jetpack_newsletter_tier_id":0,"_jetpack_memberships_contains_paywalled_content":false,"_jetpack_memberships_contains_paid_content":false,"footnotes":"","jetpack_publicize_message":"","jetpack_publicize_feature_enabled":true,"jetpack_social_post_already_shared":true,"jetpack_social_options":{"image_generator_settings":{"template":"highway","default_image_id":0,"font":"","enabled":false},"version":2}},"categories":[456],"tags":[],"class_list":["post-11897","post","type-post","status-publish","format-standard","has-post-thumbnail","hentry","category-agenda"],"jetpack_publicize_connections":[],"jetpack_featured_media_url":"https:\/\/www.montanheiros.com\/wp-content\/uploads\/2019\/11\/big1559056881.jpg","jetpack_sharing_enabled":true,"jetpack_shortlink":"https:\/\/wp.me\/paT0CI-35T","_links":{"self":[{"href":"https:\/\/www.montanheiros.com\/en\/wp-json\/wp\/v2\/posts\/11897","targetHints":{"allow":["GET"]}}],"collection":[{"href":"https:\/\/www.montanheiros.com\/en\/wp-json\/wp\/v2\/posts"}],"about":[{"href":"https:\/\/www.montanheiros.com\/en\/wp-json\/wp\/v2\/types\/post"}],"author":[{"embeddable":true,"href":"https:\/\/www.montanheiros.com\/en\/wp-json\/wp\/v2\/users\/1"}],"replies":[{"embeddable":true,"href":"https:\/\/www.montanheiros.com\/en\/wp-json\/wp\/v2\/comments?post=11897"}],"version-history":[{"count":1,"href":"https:\/\/www.montanheiros.com\/en\/wp-json\/wp\/v2\/posts\/11897\/revisions"}],"predecessor-version":[{"id":11899,"href":"https:\/\/www.montanheiros.com\/en\/wp-json\/wp\/v2\/posts\/11897\/revisions\/11899"}],"wp:featuredmedia":[{"embeddable":true,"href":"https:\/\/www.montanheiros.com\/en\/wp-json\/wp\/v2\/media\/11898"}],"wp:attachment":[{"href":"https:\/\/www.montanheiros.com\/en\/wp-json\/wp\/v2\/media?parent=11897"}],"wp:term":[{"taxonomy":"category","embeddable":true,"href":"https:\/\/www.montanheiros.com\/en\/wp-json\/wp\/v2\/categories?post=11897"},{"taxonomy":"post_tag","embeddable":true,"href":"https:\/\/www.montanheiros.com\/en\/wp-json\/wp\/v2\/tags?post=11897"}],"curies":[{"name":"wp","href":"https:\/\/api.w.org\/{rel}","templated":true}]}}