{"id":13315,"date":"2020-10-09T13:50:16","date_gmt":"2020-10-09T13:50:16","guid":{"rendered":"http:\/\/www.montanheiros.com\/?p=13315"},"modified":"2020-10-09T13:50:18","modified_gmt":"2020-10-09T13:50:18","slug":"atribuicao-do-selo-clean-safe-acores-aos-tres-centros-de-visitacao-da-associacao-os-montanheiros","status":"publish","type":"post","link":"https:\/\/www.montanheiros.com\/en\/2020\/10\/09\/atribuicao-do-selo-clean-safe-acores-aos-tres-centros-de-visitacao-da-associacao-os-montanheiros\/","title":{"rendered":"ATRIBUI\u00c7\u00c3O DO SELO \"CLEAN & SAFE\" A\u00c7ORES AOS TR\u00caS CENTROS DE VISITA\u00c7\u00c3O DA ASSOCIA\u00c7\u00c3O OS MONTANHEIROS"},"content":{"rendered":"\n<p>A Secretaria Regional da Energia, Ambiente e Turismo, em conjunto com a Secretaria Regional da Sa\u00fade, desenvolveu um Manual de Boas Pr\u00e1ticas COVID-19 dirigido ao setor do turismo.<\/p>\n\n\n\n<p>O documento foi elaborado em parceria com a Autoridade de Sa\u00fade Regional e com as entidades representativas do setor, enquanto medida necess\u00e1ria para a prepara\u00e7\u00e3o da retoma desta importante atividade econ\u00f3mica nos A\u00e7ores, nomeadamente, a melhoria da presta\u00e7\u00e3o dos servi\u00e7os tur\u00edsticos, do ponto de vista sanit\u00e1rio, refor\u00e7ando a confian\u00e7a de clientes e visitantes, aquando do regresso \u00e0 atividade das empresas regionais ligadas ao turismo.<\/p>\n\n\n\n<p>O manual foi disponibilizado por m\u00f3dulos e esteve na base da atribui\u00e7\u00e3o do selo \u201cClean &amp; Safe\u201d espec\u00edfico para os A\u00e7ores, que beneficiando da visibilidade dada pelos investimentos feitos pelo Turismo de Portugal ao mesmo, correspondeu a uma medida adaptada \u00e0 realidade a\u00e7oriana, privilegiando a sensibiliza\u00e7\u00e3o das empresas tur\u00edsticas para os procedimentos de limpeza, higiene e medidas b\u00e1sicas de preven\u00e7\u00e3o e controlo da doen\u00e7a COVID-19.<\/p>\n\n\n\n<p>A Associa\u00e7\u00e3o Os Montanheiros, respons\u00e1vel por tr\u00eas centros de visita\u00e7\u00e3o, o Algar do Carv\u00e3o, Gruta do Natal e Museu Vulcanoespeleol\u00f3gico, inscreveu-se e esteve presente na forma\u00e7\u00e3o online, dirigido aos centros de interpreta\u00e7\u00e3o, museus e bibliotecas, que teve lugar no passado dia 4 setembro. Mesmo apesar de tardia a atribui\u00e7\u00e3o do selo \u201cClean &amp; Safe\u201d, desde da reabertura dos tr\u00eas centros de visita\u00e7\u00e3o, que a Associa\u00e7\u00e3o Os Montanheiros implementou as normas da Dire\u00e7\u00e3o Regional de Sa\u00fade para receber com seguran\u00e7a os turistas e os a\u00e7orianos que nos visitam.<\/p>\n\n\n\n<p>Nunca \u00e9 demais ter mais conhecimento sobre os procedimentos de limpeza, higiene e medidas b\u00e1sicas de preven\u00e7\u00e3o para o controlo de uma doen\u00e7a que causou uma pandemia, como o COVID 19 e \u00e9 com satisfa\u00e7\u00e3o que o Algar do Carv\u00e3o, Gruta do Natal e Museu Vulcanoespeleol\u00f3gico receberam a atribui\u00e7\u00e3o do selo \u201cClean &amp; Safe\u201d para cativar maior confian\u00e7a junto de todos os que nos visitam.<\/p>\n\n\n\n<div class=\"wp-block-image\"><figure class=\"aligncenter size-large is-resized\"><img loading=\"lazy\" decoding=\"async\" src=\"http:\/\/www.montanheiros.com\/wp-content\/uploads\/2020\/10\/CleanSafe_Ac\u2560\u00baores_P\u00e1gina_1-2-800x800.jpg\" alt=\"\" class=\"wp-image-13306\" width=\"393\" height=\"393\" srcset=\"https:\/\/www.montanheiros.com\/wp-content\/uploads\/2020\/10\/CleanSafe_Ac\u2560\u00baores_P\u00e1gina_1-2-800x800.jpg 800w, https:\/\/www.montanheiros.com\/wp-content\/uploads\/2020\/10\/CleanSafe_Ac\u2560\u00baores_P\u00e1gina_1-2-400x400.jpg 400w, https:\/\/www.montanheiros.com\/wp-content\/uploads\/2020\/10\/CleanSafe_Ac\u2560\u00baores_P\u00e1gina_1-2-280x280.jpg 280w, https:\/\/www.montanheiros.com\/wp-content\/uploads\/2020\/10\/CleanSafe_Ac\u2560\u00baores_P\u00e1gina_1-2-768x768.jpg 768w, https:\/\/www.montanheiros.com\/wp-content\/uploads\/2020\/10\/CleanSafe_Ac\u2560\u00baores_P\u00e1gina_1-2-1536x1536.jpg 1536w, https:\/\/www.montanheiros.com\/wp-content\/uploads\/2020\/10\/CleanSafe_Ac\u2560\u00baores_P\u00e1gina_1-2-2048x2048.jpg 2048w, https:\/\/www.montanheiros.com\/wp-content\/uploads\/2020\/10\/CleanSafe_Ac\u2560\u00baores_P\u00e1gina_1-2-300x300.jpg 300w, https:\/\/www.montanheiros.com\/wp-content\/uploads\/2020\/10\/CleanSafe_Ac\u2560\u00baores_P\u00e1gina_1-2-500x500.jpg 500w, https:\/\/www.montanheiros.com\/wp-content\/uploads\/2020\/10\/CleanSafe_Ac\u2560\u00baores_P\u00e1gina_1-2-100x100.jpg 100w\" sizes=\"auto, (max-width: 393px) 100vw, 393px\" \/><\/figure><\/div>\n\n\n\n<figure class=\"wp-block-image size-large\"><img loading=\"lazy\" decoding=\"async\" width=\"1400\" height=\"279\" src=\"http:\/\/www.montanheiros.com\/wp-content\/uploads\/2020\/10\/CleanSafe_Ac\u2560\u00baores_P\u00e1gina_4-1-1400x279.jpg\" alt=\"\" class=\"wp-image-13319\" srcset=\"https:\/\/www.montanheiros.com\/wp-content\/uploads\/2020\/10\/CleanSafe_Ac\u2560\u00baores_P\u00e1gina_4-1-1400x279.jpg 1400w, https:\/\/www.montanheiros.com\/wp-content\/uploads\/2020\/10\/CleanSafe_Ac\u2560\u00baores_P\u00e1gina_4-1-800x159.jpg 800w, https:\/\/www.montanheiros.com\/wp-content\/uploads\/2020\/10\/CleanSafe_Ac\u2560\u00baores_P\u00e1gina_4-1-768x153.jpg 768w, https:\/\/www.montanheiros.com\/wp-content\/uploads\/2020\/10\/CleanSafe_Ac\u2560\u00baores_P\u00e1gina_4-1-1536x306.jpg 1536w, https:\/\/www.montanheiros.com\/wp-content\/uploads\/2020\/10\/CleanSafe_Ac\u2560\u00baores_P\u00e1gina_4-1-2048x408.jpg 2048w, https:\/\/www.montanheiros.com\/wp-content\/uploads\/2020\/10\/CleanSafe_Ac\u2560\u00baores_P\u00e1gina_4-1-500x100.jpg 500w\" sizes=\"auto, (max-width: 1400px) 100vw, 1400px\" \/><\/figure>\n","protected":false},"excerpt":{"rendered":"<p>A Secretaria Regional da Energia, Ambiente e Turismo, em conjunto com a Secretaria Regional da Sa\u00fade, desenvolveu um Manual de Boas Pr\u00e1ticas COVID-19 dirigido ao setor do turismo. O documento foi elaborado em parceria com a Autoridade de Sa\u00fade Regional e com as entidades representativas do setor, enquanto medida necess\u00e1ria para a prepara\u00e7\u00e3o da retoma [&#8230;]\n","protected":false},"author":2,"featured_media":0,"comment_status":"open","ping_status":"open","sticky":false,"template":"","format":"standard","meta":{"jetpack_post_was_ever_published":false,"_jetpack_newsletter_access":"","_jetpack_dont_email_post_to_subs":false,"_jetpack_newsletter_tier_id":0,"_jetpack_memberships_contains_paywalled_content":false,"_jetpack_memberships_contains_paid_content":false,"footnotes":"","jetpack_publicize_message":"","jetpack_publicize_feature_enabled":true,"jetpack_social_post_already_shared":true,"jetpack_social_options":{"image_generator_settings":{"template":"highway","default_image_id":0,"font":"","enabled":false},"version":2}},"categories":[125,464],"tags":[],"class_list":["post-13315","post","type-post","status-publish","format-standard","hentry","category-terceira","category-noticias"],"jetpack_publicize_connections":[],"jetpack_featured_media_url":"","jetpack_sharing_enabled":true,"jetpack_shortlink":"https:\/\/wp.me\/paT0CI-3sL","_links":{"self":[{"href":"https:\/\/www.montanheiros.com\/en\/wp-json\/wp\/v2\/posts\/13315","targetHints":{"allow":["GET"]}}],"collection":[{"href":"https:\/\/www.montanheiros.com\/en\/wp-json\/wp\/v2\/posts"}],"about":[{"href":"https:\/\/www.montanheiros.com\/en\/wp-json\/wp\/v2\/types\/post"}],"author":[{"embeddable":true,"href":"https:\/\/www.montanheiros.com\/en\/wp-json\/wp\/v2\/users\/2"}],"replies":[{"embeddable":true,"href":"https:\/\/www.montanheiros.com\/en\/wp-json\/wp\/v2\/comments?post=13315"}],"version-history":[{"count":1,"href":"https:\/\/www.montanheiros.com\/en\/wp-json\/wp\/v2\/posts\/13315\/revisions"}],"predecessor-version":[{"id":13320,"href":"https:\/\/www.montanheiros.com\/en\/wp-json\/wp\/v2\/posts\/13315\/revisions\/13320"}],"wp:attachment":[{"href":"https:\/\/www.montanheiros.com\/en\/wp-json\/wp\/v2\/media?parent=13315"}],"wp:term":[{"taxonomy":"category","embeddable":true,"href":"https:\/\/www.montanheiros.com\/en\/wp-json\/wp\/v2\/categories?post=13315"},{"taxonomy":"post_tag","embeddable":true,"href":"https:\/\/www.montanheiros.com\/en\/wp-json\/wp\/v2\/tags?post=13315"}],"curies":[{"name":"wp","href":"https:\/\/api.w.org\/{rel}","templated":true}]}}