{"id":13322,"date":"2020-10-09T13:58:08","date_gmt":"2020-10-09T13:58:08","guid":{"rendered":"http:\/\/www.montanheiros.com\/?p=13322"},"modified":"2020-10-09T13:59:21","modified_gmt":"2020-10-09T13:59:21","slug":"campanha-sos-cagarro-arranca-a-9-outubro","status":"publish","type":"post","link":"https:\/\/www.montanheiros.com\/en\/2020\/10\/09\/campanha-sos-cagarro-arranca-a-9-outubro\/","title":{"rendered":"CAMPANHA SOS CAGARRO ARRANCA A 9 OUTUBRO"},"content":{"rendered":"\n<p>A campanha SOS Cagarro, a maior e mais antiga campanha de educa\u00e7\u00e3o e conserva\u00e7\u00e3o ambiental dos A\u00e7ores, tem o arranque marcado para sexta-feira, 9 de outubro, \u00e0s 17h00, nas plataformas digitais.<\/p>\n\n\n\n<p>Esta iniciativa, que se realiza desde 1995, visa a conserva\u00e7\u00e3o dos cagarros, uma das aves marinhas mais emblem\u00e1ticas do arquip\u00e9lago, envolvendo cidad\u00e3os e v\u00e1rias entidades, que participam em brigadas de salvamento de juvenis que, ao sa\u00edrem dos ninhos, \u00e0 noite, s\u00e3o afetados pela polui\u00e7\u00e3o luminosa.<\/p>\n\n\n\n<p>Este ano, e devido aos constrangimentos causados pela pandemia de COVID-19, a sess\u00e3o de abertura vai realizar-se em formato digital, atrav\u00e9s de um webinar&nbsp;que ser\u00e1 transmitido em direto na p\u00e1gina do Facebook da Dire\u00e7\u00e3o Regional dos Assuntos do Mar.<\/p>\n\n\n\n<p>O programa inclui um balan\u00e7o da campanha do ano passado e novas informa\u00e7\u00f5es sobre a edi\u00e7\u00e3o deste ano, ser\u00e1 abordada a problem\u00e1tica da polui\u00e7\u00e3o luminosa&nbsp;pela investigadora Elizabeth Atchoi,&nbsp;do Instituto OKEANOS, tema central do&nbsp;projeto LuMinAves, do qual a Dire\u00e7\u00e3o Regional dos Assuntos do Mar \u00e9 entidade parceira benefici\u00e1ria, juntamente com a SPEA e o Fundo Regional para a Ci\u00eancia e Tecnologia (FRCT).<\/p>\n\n\n\n<p>O trabalho cient\u00edfico com aves marinhas e a organiza\u00e7\u00e3o de brigadas cient\u00edficas s\u00e3o outros temas que ser\u00e3o abordados durante este webinar, agendado para as 17H00.<\/p>\n\n\n\n<p>Durante os meses de outubro e novembro, os cagarros juvenis come\u00e7am a abandonar os ninhos e ao serem atra\u00eddos pelas luzes artificiais fortes ficam desorientados, podendo cair em locais de risco de atropelamento ou de preda\u00e7\u00e3o.<\/p>\n\n\n\n<p>Por essa raz\u00e3o, neste per\u00edodo do ano, dezenas de brigadas percorrem as estradas dos A\u00e7ores, resgatando cagarros ca\u00eddos que s\u00e3o&nbsp;posteriormente libertados durante o dia junto ao mar, depois de anilhados, onde iniciam a sua primeira grande migra\u00e7\u00e3o anual para os mares do Atl\u00e2ntico Sul ou para as zonas produtivas do Atl\u00e2ntico Noroeste.<\/p>\n\n\n\n<p>Os cagarros, que podem viver at\u00e9 aos 40 anos, come\u00e7am a reproduzir-se, em m\u00e9dia, com sete ou oito anos de idade e t\u00eam uma postura de apenas um ovo por ano, sem possibilidade de efetuar postura de substitui\u00e7\u00e3o, no caso de fracasso da incuba\u00e7\u00e3o ou de a cria morrer durante o per\u00edodo de alimenta\u00e7\u00e3o.<\/p>\n\n\n\n<p>Este ano ser\u00e1 dada continuidade \u00e0 metodologia das brigadas cient\u00edficas SOS Cagarro com o objetivo de recolher informa\u00e7\u00e3o com relev\u00e2ncia cient\u00edfica.<\/p>\n\n\n\n<p>Na ilha do Faial, as brigadas come\u00e7am a 21 de outubro e terminam a 4 de novembro, sendo que as inscri\u00e7\u00f5es podem ser realizadas atrav\u00e9s do Observat\u00f3rio do Mar dos A\u00e7ores.<\/p>\n\n\n\n<p>Nas restantes ilhas, os interessados em participar devem&nbsp;contactar o Parque Natural da sua ilha.<\/p>\n\n\n\n<p>Na campanha de 2019, que contou com cerca de 3.000 volunt\u00e1rios e 150 parcerias, foram salvos em todas as ilhas 8.845 juvenis, tendo sido encontradas 335 aves mortas.<\/p>\n\n\n\n<p>A campanha SOS Cagarro, que decorre at\u00e9 15 de novembro, \u00e9 coordenada e dinamizada pelo Governo dos A\u00e7ores, atrav\u00e9s da Dire\u00e7\u00e3o Regional dos Assuntos do Mar, em parceria com a Dire\u00e7\u00e3o Regional do Ambiente, atrav\u00e9s dos Parques Naturais de Ilha, da Azorina e de muitas entidades p\u00fablicas e privadas, inclu\u00eddo empresas ecotur\u00edsticas e associa\u00e7\u00f5es de defesa do ambiente.<\/p>\n\n\n\n<p>Com cerca de 75 por cento da popula\u00e7\u00e3o nidificante de cagarros a n\u00edvel mundial, os A\u00e7ores s\u00e3o a regi\u00e3o do mundo que alberga mais casais reprodutores da esp\u00e9cie, fazendo da sua prote\u00e7\u00e3o e conserva\u00e7\u00e3o uma responsabilidade.<\/p>\n\n\n\n<p>Os participantes nesta campanha t\u00eam \u00e0 sua disposi\u00e7\u00e3o a aplica\u00e7\u00e3o &#8220;SOS Cagarro M\u00f3vel&#8221;, que regista automaticamente a localiza\u00e7\u00e3o GPS da queda de cada animal, facilitando a recolha dos dados.<\/p>\n\n\n\n<p>O cagarro \u00e9 a ave marinha mais ic\u00f3nica dos A\u00e7ores, com um estatuto de conserva\u00e7\u00e3o reconhecido internacionalmente.<\/p>\n\n\n\n<p>Para mais informa\u00e7\u00f5es, os interessados podem consultar a p\u00e1gina do SOS Cagarro, em\u00a0<a href=\"http:\/\/soscagarro.azores.gov.pt\/\">http:\/\/soscagarro.azores.gov.pt<\/a>.<\/p>\n\n\n\n<div class=\"wp-block-image\"><figure class=\"aligncenter size-large\"><img loading=\"lazy\" decoding=\"async\" width=\"427\" height=\"607\" src=\"http:\/\/www.montanheiros.com\/wp-content\/uploads\/2020\/10\/121083231_1142285749506835_2885740876648602886_n.jpg\" alt=\"\" class=\"wp-image-13323\" srcset=\"https:\/\/www.montanheiros.com\/wp-content\/uploads\/2020\/10\/121083231_1142285749506835_2885740876648602886_n.jpg 427w, https:\/\/www.montanheiros.com\/wp-content\/uploads\/2020\/10\/121083231_1142285749506835_2885740876648602886_n-281x400.jpg 281w\" sizes=\"auto, (max-width: 427px) 100vw, 427px\" \/><\/figure><\/div>\n","protected":false},"excerpt":{"rendered":"<p>A campanha SOS Cagarro, a maior e mais antiga campanha de educa\u00e7\u00e3o e conserva\u00e7\u00e3o ambiental dos A\u00e7ores, tem o arranque marcado para sexta-feira, 9 de outubro, \u00e0s 17h00, nas plataformas digitais. Esta iniciativa, que se realiza desde 1995, visa a conserva\u00e7\u00e3o dos cagarros, uma das aves marinhas mais emblem\u00e1ticas do arquip\u00e9lago, envolvendo cidad\u00e3os e v\u00e1rias [&#8230;]\n","protected":false},"author":2,"featured_media":0,"comment_status":"open","ping_status":"open","sticky":false,"template":"","format":"standard","meta":{"jetpack_post_was_ever_published":false,"_jetpack_newsletter_access":"","_jetpack_dont_email_post_to_subs":false,"_jetpack_newsletter_tier_id":0,"_jetpack_memberships_contains_paywalled_content":false,"_jetpack_memberships_contains_paid_content":false,"footnotes":"","jetpack_publicize_message":"","jetpack_publicize_feature_enabled":true,"jetpack_social_post_already_shared":true,"jetpack_social_options":{"image_generator_settings":{"template":"highway","default_image_id":0,"font":"","enabled":false},"version":2}},"categories":[125,464],"tags":[],"class_list":["post-13322","post","type-post","status-publish","format-standard","hentry","category-terceira","category-noticias"],"jetpack_publicize_connections":[],"jetpack_featured_media_url":"","jetpack_sharing_enabled":true,"jetpack_shortlink":"https:\/\/wp.me\/paT0CI-3sS","_links":{"self":[{"href":"https:\/\/www.montanheiros.com\/en\/wp-json\/wp\/v2\/posts\/13322","targetHints":{"allow":["GET"]}}],"collection":[{"href":"https:\/\/www.montanheiros.com\/en\/wp-json\/wp\/v2\/posts"}],"about":[{"href":"https:\/\/www.montanheiros.com\/en\/wp-json\/wp\/v2\/types\/post"}],"author":[{"embeddable":true,"href":"https:\/\/www.montanheiros.com\/en\/wp-json\/wp\/v2\/users\/2"}],"replies":[{"embeddable":true,"href":"https:\/\/www.montanheiros.com\/en\/wp-json\/wp\/v2\/comments?post=13322"}],"version-history":[{"count":2,"href":"https:\/\/www.montanheiros.com\/en\/wp-json\/wp\/v2\/posts\/13322\/revisions"}],"predecessor-version":[{"id":13327,"href":"https:\/\/www.montanheiros.com\/en\/wp-json\/wp\/v2\/posts\/13322\/revisions\/13327"}],"wp:attachment":[{"href":"https:\/\/www.montanheiros.com\/en\/wp-json\/wp\/v2\/media?parent=13322"}],"wp:term":[{"taxonomy":"category","embeddable":true,"href":"https:\/\/www.montanheiros.com\/en\/wp-json\/wp\/v2\/categories?post=13322"},{"taxonomy":"post_tag","embeddable":true,"href":"https:\/\/www.montanheiros.com\/en\/wp-json\/wp\/v2\/tags?post=13322"}],"curies":[{"name":"wp","href":"https:\/\/api.w.org\/{rel}","templated":true}]}}