{"id":13333,"date":"2020-10-12T08:53:39","date_gmt":"2020-10-12T08:53:39","guid":{"rendered":"http:\/\/www.montanheiros.com\/?p=13333"},"modified":"2020-10-12T09:19:12","modified_gmt":"2020-10-12T09:19:12","slug":"flavio-cristovam-apresenta-seu-videoclipe-do-novo-single-setting-sun-no-algar-do-carvao","status":"publish","type":"post","link":"https:\/\/www.montanheiros.com\/en\/2020\/10\/12\/flavio-cristovam-apresenta-seu-videoclipe-do-novo-single-setting-sun-no-algar-do-carvao\/","title":{"rendered":"FL\u00c1VIO CRIST\u00d3VAM APRESENTA SEU VIDEOCLIPE DO NOVO SINGLE \"SETTING SUN\" NO ALGAR DO CARV\u00c3O"},"content":{"rendered":"\n<p>&#8220;Setting sun&#8221; \u00e9 assim que se chama o novo single do terceirense, Fl\u00e1vio Crist\u00f3vam, que foi lan\u00e7ado no passado dia 9 outubro, nas plataformas digitais. O seu novo videoclipe foi apresentado no mesmo dia, no ventre da ilha que o viu nascer, foi apresentado no Algar do Carv\u00e3o. <\/p>\n\n\n\n<p>O videoclipe teve o apoio da Dire\u00e7\u00e3o Regional do Turismo e durante as filmagens conseguiram percorrer o arquip\u00e9lago, ressaltando o que h\u00e1 de mais belo e conhecido nos A\u00e7ores\u2026.a sua natureza intata. <\/p>\n\n\n\n<p>Crist\u00f3vam frisa que Pedro Varela, o realizador do videoclipe, conseguiu representar a m\u00edstica a\u00e7oriana, os elementos que s\u00e3o comuns a todas as ilhas, atrav\u00e9s das coisas que n\u00f3s temos e que s\u00e3o verdadeiramente peculiares e que n\u00e3o conseguimos encontrar em mais lado nenhum.<\/p>\n\n\n\n<p>A apresenta\u00e7\u00e3o tamb\u00e9m contou com a presen\u00e7a da Sra. Secret\u00e1ria Regional da Energia, Ambiente e o Turismo, Marta Guerreiro, onde referiu que a promo\u00e7\u00e3o da regi\u00e3o  tamb\u00e9m se faz pela arte e que os A\u00e7ores t\u00eam todas as condi\u00e7\u00f5es para serem palco de cria\u00e7\u00f5es art\u00edsticas. <\/p>\n\n\n\n<p>Crist\u00f3vam autor e cantor terceirense, que chamou a aten\u00e7\u00e3o do mundo, quando o mundo estava em confinamento, com a can\u00e7\u00e3o &#8220;Andr\u00e0 tutto bene&#8221;. No momento, em que foi lan\u00e7ada, It\u00e1lia aumentava exponencialmente em casos de infetados pela COVID19.<\/p>\n\n\n\n<p>Conhe\u00e7a o mais recente single do Crist\u00f3vam, &#8220;Setting sun&#8221; nas plataformas digitais: Youtube; Spotify; Deezer. Ou nas redes sociais, Facebook e Instagram.<\/p>\n\n\n\n<div class=\"wp-block-image\"><figure class=\"aligncenter size-large\"><img loading=\"lazy\" decoding=\"async\" width=\"1200\" height=\"800\" src=\"http:\/\/www.montanheiros.com\/wp-content\/uploads\/2020\/10\/Algar-do-Carvao-scaled-1-1200x800.jpg\" alt=\"\" class=\"wp-image-13334\" srcset=\"https:\/\/www.montanheiros.com\/wp-content\/uploads\/2020\/10\/Algar-do-Carvao-scaled-1-1200x800.jpg 1200w, https:\/\/www.montanheiros.com\/wp-content\/uploads\/2020\/10\/Algar-do-Carvao-scaled-1-600x400.jpg 600w, https:\/\/www.montanheiros.com\/wp-content\/uploads\/2020\/10\/Algar-do-Carvao-scaled-1-768x512.jpg 768w, https:\/\/www.montanheiros.com\/wp-content\/uploads\/2020\/10\/Algar-do-Carvao-scaled-1-1536x1024.jpg 1536w, https:\/\/www.montanheiros.com\/wp-content\/uploads\/2020\/10\/Algar-do-Carvao-scaled-1-2048x1366.jpg 2048w, https:\/\/www.montanheiros.com\/wp-content\/uploads\/2020\/10\/Algar-do-Carvao-scaled-1-500x333.jpg 500w\" sizes=\"auto, (max-width: 1200px) 100vw, 1200px\" \/><figcaption>Lan\u00e7amento do videoclipe do single &#8220;Settting sun&#8221; no Algar do Carv\u00e3o (Foto: Timoty Lima)<\/figcaption><\/figure><\/div>\n\n\n\n<figure class=\"wp-block-image size-large\"><img loading=\"lazy\" decoding=\"async\" width=\"1400\" height=\"788\" src=\"http:\/\/www.montanheiros.com\/wp-content\/uploads\/2020\/10\/marta-guerreiro-1400x788.jpg\" alt=\"\" class=\"wp-image-13337\" srcset=\"https:\/\/www.montanheiros.com\/wp-content\/uploads\/2020\/10\/marta-guerreiro-1400x788.jpg 1400w, https:\/\/www.montanheiros.com\/wp-content\/uploads\/2020\/10\/marta-guerreiro-711x400.jpg 711w, https:\/\/www.montanheiros.com\/wp-content\/uploads\/2020\/10\/marta-guerreiro-768x432.jpg 768w, https:\/\/www.montanheiros.com\/wp-content\/uploads\/2020\/10\/marta-guerreiro-1536x864.jpg 1536w, https:\/\/www.montanheiros.com\/wp-content\/uploads\/2020\/10\/marta-guerreiro-500x281.jpg 500w, https:\/\/www.montanheiros.com\/wp-content\/uploads\/2020\/10\/marta-guerreiro.jpg 1920w\" sizes=\"auto, (max-width: 1400px) 100vw, 1400px\" \/><figcaption>Secret\u00e1rio Regional da Energia, Ambiente e Turismo na apresenta\u00e7\u00e3o do videoclipe &#8220;Setting sun&#8221; (Foto: Jornal das 9).<\/figcaption><\/figure>\n","protected":false},"excerpt":{"rendered":"<p>&#8220;Setting sun&#8221; \u00e9 assim que se chama o novo single do terceirense, Fl\u00e1vio Crist\u00f3vam, que foi lan\u00e7ado no passado dia 9 outubro, nas plataformas digitais. O seu novo videoclipe foi apresentado no mesmo dia, no ventre da ilha que o viu nascer, foi apresentado no Algar do Carv\u00e3o. O videoclipe teve o apoio da Dire\u00e7\u00e3o [&#8230;]\n","protected":false},"author":2,"featured_media":0,"comment_status":"open","ping_status":"open","sticky":false,"template":"","format":"standard","meta":{"jetpack_post_was_ever_published":false,"_jetpack_newsletter_access":"","_jetpack_dont_email_post_to_subs":false,"_jetpack_newsletter_tier_id":0,"_jetpack_memberships_contains_paywalled_content":false,"_jetpack_memberships_contains_paid_content":false,"footnotes":"","jetpack_publicize_message":"","jetpack_publicize_feature_enabled":true,"jetpack_social_post_already_shared":true,"jetpack_social_options":{"image_generator_settings":{"template":"highway","default_image_id":0,"font":"","enabled":false},"version":2}},"categories":[125,464],"tags":[],"class_list":["post-13333","post","type-post","status-publish","format-standard","hentry","category-terceira","category-noticias"],"jetpack_publicize_connections":[],"jetpack_featured_media_url":"","jetpack_sharing_enabled":true,"jetpack_shortlink":"https:\/\/wp.me\/paT0CI-3t3","_links":{"self":[{"href":"https:\/\/www.montanheiros.com\/en\/wp-json\/wp\/v2\/posts\/13333","targetHints":{"allow":["GET"]}}],"collection":[{"href":"https:\/\/www.montanheiros.com\/en\/wp-json\/wp\/v2\/posts"}],"about":[{"href":"https:\/\/www.montanheiros.com\/en\/wp-json\/wp\/v2\/types\/post"}],"author":[{"embeddable":true,"href":"https:\/\/www.montanheiros.com\/en\/wp-json\/wp\/v2\/users\/2"}],"replies":[{"embeddable":true,"href":"https:\/\/www.montanheiros.com\/en\/wp-json\/wp\/v2\/comments?post=13333"}],"version-history":[{"count":3,"href":"https:\/\/www.montanheiros.com\/en\/wp-json\/wp\/v2\/posts\/13333\/revisions"}],"predecessor-version":[{"id":13339,"href":"https:\/\/www.montanheiros.com\/en\/wp-json\/wp\/v2\/posts\/13333\/revisions\/13339"}],"wp:attachment":[{"href":"https:\/\/www.montanheiros.com\/en\/wp-json\/wp\/v2\/media?parent=13333"}],"wp:term":[{"taxonomy":"category","embeddable":true,"href":"https:\/\/www.montanheiros.com\/en\/wp-json\/wp\/v2\/categories?post=13333"},{"taxonomy":"post_tag","embeddable":true,"href":"https:\/\/www.montanheiros.com\/en\/wp-json\/wp\/v2\/tags?post=13333"}],"curies":[{"name":"wp","href":"https:\/\/api.w.org\/{rel}","templated":true}]}}