{"id":15123,"date":"2022-12-20T14:29:42","date_gmt":"2022-12-20T14:29:42","guid":{"rendered":"http:\/\/www.montanheiros.com\/?p=15123"},"modified":"2022-12-20T14:30:52","modified_gmt":"2022-12-20T14:30:52","slug":"dias-de-encerramento-durante-o-periodo-do-natal-dos-tres-centros-de-visitacao","status":"publish","type":"post","link":"https:\/\/www.montanheiros.com\/en\/2022\/12\/20\/dias-de-encerramento-durante-o-periodo-do-natal-dos-tres-centros-de-visitacao\/","title":{"rendered":"DIAS DE ENCERRAMENTO DURANTE O PER\u00cdODO DO NATAL DOS TR\u00caS CENTROS DE VISITA\u00c7\u00c3O"},"content":{"rendered":"\n\n\n<p>A Dire\u00e7\u00e3o da Associa\u00e7\u00e3o Os Montanheiros vem por este meio desejar a todos os seus estimados s\u00f3cios, colaboradores e a todos que a acompanham as suas atividades&#8230; Boas Festas e um Ano Novo com sa\u00fade e atividades em contato com a natureza.<\/p>\n\n\n\n<p>Aproveitamos para informar que o Algar do Carv\u00e3o e Gruta do Natal, abertos nesta \u00e9poca \u00e0s ter\u00e7as, quartas, sextas e s\u00e1bados, estar\u00e3o encerradas nos s\u00e1bados de dia 24 e 31 dezembro. A Sede e Museu Vulcanoespeleol\u00f3gico, com dias de abertura de segunda a sexta, estar\u00e3o encerrados nas segundas-feiras de 26 dezembro e 2 janeiro.<\/p>\n\n\n\n<p><em>A Dire\u00e7\u00e3o<\/em><\/p>\n\n\n\n<figure class=\"wp-block-image size-large\"><img loading=\"lazy\" decoding=\"async\" width=\"1271\" height=\"800\" src=\"http:\/\/www.montanheiros.com\/wp-content\/uploads\/2022\/12\/Boas-Festas-2023-1271x800.jpg\" alt=\"\" class=\"wp-image-15118\" srcset=\"https:\/\/www.montanheiros.com\/wp-content\/uploads\/2022\/12\/Boas-Festas-2023-1271x800.jpg 1271w, https:\/\/www.montanheiros.com\/wp-content\/uploads\/2022\/12\/Boas-Festas-2023-636x400.jpg 636w, https:\/\/www.montanheiros.com\/wp-content\/uploads\/2022\/12\/Boas-Festas-2023-768x483.jpg 768w, https:\/\/www.montanheiros.com\/wp-content\/uploads\/2022\/12\/Boas-Festas-2023-1536x967.jpg 1536w, https:\/\/www.montanheiros.com\/wp-content\/uploads\/2022\/12\/Boas-Festas-2023-2048x1289.jpg 2048w, https:\/\/www.montanheiros.com\/wp-content\/uploads\/2022\/12\/Boas-Festas-2023-500x315.jpg 500w\" sizes=\"auto, (max-width: 1271px) 100vw, 1271px\" \/><\/figure>\n","protected":false},"excerpt":{"rendered":"<p>A Dire\u00e7\u00e3o da Associa\u00e7\u00e3o Os Montanheiros vem por este meio desejar a todos os seus estimados s\u00f3cios, colaboradores e a todos que a acompanham as suas atividades&#8230; Boas Festas e um Ano Novo com sa\u00fade e atividades em contato com a natureza. Aproveitamos para informar que o Algar do Carv\u00e3o e Gruta do Natal, abertos [&#8230;]\n","protected":false},"author":2,"featured_media":0,"comment_status":"open","ping_status":"open","sticky":false,"template":"","format":"standard","meta":{"jetpack_post_was_ever_published":false,"_jetpack_newsletter_access":"","_jetpack_dont_email_post_to_subs":false,"_jetpack_newsletter_tier_id":0,"_jetpack_memberships_contains_paywalled_content":false,"_jetpack_memberships_contains_paid_content":false,"footnotes":"","jetpack_publicize_message":"","jetpack_publicize_feature_enabled":true,"jetpack_social_post_already_shared":true,"jetpack_social_options":{"image_generator_settings":{"template":"highway","default_image_id":0,"font":"","enabled":false},"version":2}},"categories":[125,464],"tags":[],"class_list":["post-15123","post","type-post","status-publish","format-standard","hentry","category-terceira","category-noticias"],"jetpack_publicize_connections":[],"jetpack_featured_media_url":"","jetpack_sharing_enabled":true,"jetpack_shortlink":"https:\/\/wp.me\/paT0CI-3VV","_links":{"self":[{"href":"https:\/\/www.montanheiros.com\/en\/wp-json\/wp\/v2\/posts\/15123","targetHints":{"allow":["GET"]}}],"collection":[{"href":"https:\/\/www.montanheiros.com\/en\/wp-json\/wp\/v2\/posts"}],"about":[{"href":"https:\/\/www.montanheiros.com\/en\/wp-json\/wp\/v2\/types\/post"}],"author":[{"embeddable":true,"href":"https:\/\/www.montanheiros.com\/en\/wp-json\/wp\/v2\/users\/2"}],"replies":[{"embeddable":true,"href":"https:\/\/www.montanheiros.com\/en\/wp-json\/wp\/v2\/comments?post=15123"}],"version-history":[{"count":1,"href":"https:\/\/www.montanheiros.com\/en\/wp-json\/wp\/v2\/posts\/15123\/revisions"}],"predecessor-version":[{"id":15124,"href":"https:\/\/www.montanheiros.com\/en\/wp-json\/wp\/v2\/posts\/15123\/revisions\/15124"}],"wp:attachment":[{"href":"https:\/\/www.montanheiros.com\/en\/wp-json\/wp\/v2\/media?parent=15123"}],"wp:term":[{"taxonomy":"category","embeddable":true,"href":"https:\/\/www.montanheiros.com\/en\/wp-json\/wp\/v2\/categories?post=15123"},{"taxonomy":"post_tag","embeddable":true,"href":"https:\/\/www.montanheiros.com\/en\/wp-json\/wp\/v2\/tags?post=15123"}],"curies":[{"name":"wp","href":"https:\/\/api.w.org\/{rel}","templated":true}]}}