{"id":15164,"date":"2023-01-26T16:51:12","date_gmt":"2023-01-26T16:51:12","guid":{"rendered":"https:\/\/www.montanheiros.com\/?p=15164"},"modified":"2023-10-26T08:58:20","modified_gmt":"2023-10-26T08:58:20","slug":"temporada-de-caminhadas-na-natureza-2023-trilhando-pela-ilha","status":"publish","type":"post","link":"https:\/\/www.montanheiros.com\/en\/2023\/01\/26\/temporada-de-caminhadas-na-natureza-2023-trilhando-pela-ilha\/","title":{"rendered":"TEMPORADA DE CAMINHADAS NA NATUREZA 2023 \"TRILHANDO PELA ILHA\""},"content":{"rendered":"\n\n\n<p>No pr\u00f3ximo dia 26 mar\u00e7o, ter\u00e1 in\u00edcio a temporada de caminhadas na natureza intitulada \u201cTrilhando pela ilha\u201d, foram agendados seis passeios pedestres, que decorrer\u00e3o entre mar\u00e7o a outubro, tendo um per\u00edodo de pausa nos meses de julho e agosto. A Associa\u00e7\u00e3o Os Montanheiros contar\u00e1 novamente com o apoio do Parque Natural da ilha Terceira e com a C\u00e2mara Municipal de Angra do Hero\u00edsmo e contar\u00e1 tamb\u00e9m este ano, com a parceria da Dire\u00e7\u00e3o Regional do Desporto, no \u00e2mbito do programa regional de desporto para todos &#8220;A\u00e7ores Ativos&#8221;.  <\/p>\n\n\n\n<p>As datas a agendar s\u00e3o as seguintes:<\/p>\n\n\n\n<p><strong>26 mar\u00e7o &#8211; Trilho das Beiras &#8211; Casa da Ribeira (inscri\u00e7\u00f5es encerradas)<\/strong><\/p>\n\n\n\n<p><strong>23 abril &#8211; Rota do Mar &#8211; Vila Nova (inscri\u00e7\u00f5es encerradas)<\/strong><\/p>\n\n\n\n<p><strong>28 maio<\/strong> &#8211; <strong>Pico do Nari\u00e3o, Chambre, Vale do Azinhal, Fonte do Vimieiro, Curral do Vimieiro e Caminho Velho do Nari\u00e3o<\/strong> <strong>(inscri\u00e7\u00f5es encerradas)<\/strong><\/p>\n\n\n\n<p><strong>25 junho &#8211; Mist\u00e9rios Negros e Vereda dos Aguilh\u00f5es<\/strong> <strong>(inscri\u00e7\u00f5es encerradas)<\/strong><\/p>\n\n\n\n<p><strong>17 setembro &#8211;  Pico Agudo e Pico Alto (Inscri\u00e7\u00f5es encerradas)<\/strong><\/p>\n\n\n\n<p><strong>15 outubro &#8211;  Trilho das Cascatas (inscri\u00e7\u00f5es encerradas)<\/strong><\/p>\n\n\n\n<p>Dias antes de cada passeio, ser\u00e1 anunciado na nossa newsletter, o percurso do passeio, suas caracter\u00edsticas e dificuldades e s\u00f3 a partir de ent\u00e3o, ser\u00e3o aceites as inscri\u00e7\u00f5es, que poder\u00e3o ser por mail, por telefone ou presencialmente. Estas atividades de pedestrianismo ter\u00e3o os mesmos moldes de anos anteriores, ser\u00e3o sempre aos domingos, sendo que as inscri\u00e7\u00f5es s\u00e3o antecipadas e obrigat\u00f3rias e em algumas situa\u00e7\u00f5es, ser\u00e3o mesmo limitadas.<\/p>\n\n\n\n<p>As datas e destinos dos passeios est\u00e3o sujeitos a altera\u00e7\u00e3o, devido \u00e0s condi\u00e7\u00f5es climat\u00e9ricas.<\/p>\n\n\n\n<p>Quanto \u00e0s recomenda\u00e7\u00f5es s\u00e3o as mesmas de sempre:<\/p>\n\n\n\n<p>\u2013 Cal\u00e7ado adequado \u00e0 atividade (botas de montanha)<\/p>\n\n\n\n<p>\u2013 Agasalhos imperme\u00e1veis<\/p>\n\n\n\n<p>\u2013 Lanche (simples e energ\u00e9tico)<\/p>\n\n\n\n<p>\u2013 \u00c1gua<\/p>\n\n\n\n<p>\u2013 Manter-se sempre no trilho<\/p>\n\n\n\n<p>\u2013 N\u00e3o recolher forma\u00e7\u00f5es geol\u00f3gicas, insetos e nem plantas<\/p>\n\n\n\n<p>\u2013 Causar o m\u00ednimo de dist\u00farbio na natureza<\/p>\n\n\n\n<p>\u2013 Seguir sempre as recomenda\u00e7\u00f5es dos guias dos Montanheiros<\/p>\n\n\n\n<p>Conhe\u00e7a o patrim\u00f3nio natural da ilha, mas\u2026<\/p>\n\n\n\n<p>respeite-o e proteja-o sempre<\/p>\n\n\n\n<p><strong>Contatos:<\/strong><\/p>\n\n\n\n<p>E.mail: montanheiros@montanheiros.com<\/p>\n\n\n\n<p>Telefones: 295 212 992 | 96 136 2215<\/p>\n\n\n\n<figure class=\"wp-block-image size-large\"><img loading=\"lazy\" decoding=\"async\" width=\"958\" height=\"800\" src=\"https:\/\/www.montanheiros.com\/wp-content\/uploads\/2023\/05\/Trilhando-pela-ilha-2023_DATAS_retificado-a-12mai-958x800.jpg\" alt=\"\" class=\"wp-image-15557\" srcset=\"https:\/\/www.montanheiros.com\/wp-content\/uploads\/2023\/05\/Trilhando-pela-ilha-2023_DATAS_retificado-a-12mai-958x800.jpg 958w, https:\/\/www.montanheiros.com\/wp-content\/uploads\/2023\/05\/Trilhando-pela-ilha-2023_DATAS_retificado-a-12mai-479x400.jpg 479w, https:\/\/www.montanheiros.com\/wp-content\/uploads\/2023\/05\/Trilhando-pela-ilha-2023_DATAS_retificado-a-12mai-768x641.jpg 768w, https:\/\/www.montanheiros.com\/wp-content\/uploads\/2023\/05\/Trilhando-pela-ilha-2023_DATAS_retificado-a-12mai-1536x1283.jpg 1536w, https:\/\/www.montanheiros.com\/wp-content\/uploads\/2023\/05\/Trilhando-pela-ilha-2023_DATAS_retificado-a-12mai-500x417.jpg 500w, https:\/\/www.montanheiros.com\/wp-content\/uploads\/2023\/05\/Trilhando-pela-ilha-2023_DATAS_retificado-a-12mai.jpg 2048w\" sizes=\"auto, (max-width: 958px) 100vw, 958px\" \/><\/figure>\n","protected":false},"excerpt":{"rendered":"<p>No pr\u00f3ximo dia 26 mar\u00e7o, ter\u00e1 in\u00edcio a temporada de caminhadas na natureza intitulada \u201cTrilhando pela ilha\u201d, foram agendados seis passeios pedestres, que decorrer\u00e3o entre mar\u00e7o a outubro, tendo um per\u00edodo de pausa nos meses de julho e agosto. A Associa\u00e7\u00e3o Os Montanheiros contar\u00e1 novamente com o apoio do Parque Natural da ilha Terceira e [&#8230;]\n","protected":false},"author":2,"featured_media":0,"comment_status":"open","ping_status":"open","sticky":false,"template":"","format":"standard","meta":{"jetpack_post_was_ever_published":false,"_jetpack_newsletter_access":"","_jetpack_dont_email_post_to_subs":false,"_jetpack_newsletter_tier_id":0,"_jetpack_memberships_contains_paywalled_content":false,"_jetpack_memberships_contains_paid_content":false,"footnotes":"","jetpack_publicize_message":"","jetpack_publicize_feature_enabled":true,"jetpack_social_post_already_shared":true,"jetpack_social_options":{"image_generator_settings":{"template":"highway","default_image_id":0,"font":"","enabled":false},"version":2}},"categories":[464],"tags":[],"class_list":["post-15164","post","type-post","status-publish","format-standard","hentry","category-noticias"],"jetpack_publicize_connections":[],"jetpack_featured_media_url":"","jetpack_sharing_enabled":true,"jetpack_shortlink":"https:\/\/wp.me\/paT0CI-3WA","_links":{"self":[{"href":"https:\/\/www.montanheiros.com\/en\/wp-json\/wp\/v2\/posts\/15164","targetHints":{"allow":["GET"]}}],"collection":[{"href":"https:\/\/www.montanheiros.com\/en\/wp-json\/wp\/v2\/posts"}],"about":[{"href":"https:\/\/www.montanheiros.com\/en\/wp-json\/wp\/v2\/types\/post"}],"author":[{"embeddable":true,"href":"https:\/\/www.montanheiros.com\/en\/wp-json\/wp\/v2\/users\/2"}],"replies":[{"embeddable":true,"href":"https:\/\/www.montanheiros.com\/en\/wp-json\/wp\/v2\/comments?post=15164"}],"version-history":[{"count":15,"href":"https:\/\/www.montanheiros.com\/en\/wp-json\/wp\/v2\/posts\/15164\/revisions"}],"predecessor-version":[{"id":16144,"href":"https:\/\/www.montanheiros.com\/en\/wp-json\/wp\/v2\/posts\/15164\/revisions\/16144"}],"wp:attachment":[{"href":"https:\/\/www.montanheiros.com\/en\/wp-json\/wp\/v2\/media?parent=15164"}],"wp:term":[{"taxonomy":"category","embeddable":true,"href":"https:\/\/www.montanheiros.com\/en\/wp-json\/wp\/v2\/categories?post=15164"},{"taxonomy":"post_tag","embeddable":true,"href":"https:\/\/www.montanheiros.com\/en\/wp-json\/wp\/v2\/tags?post=15164"}],"curies":[{"name":"wp","href":"https:\/\/api.w.org\/{rel}","templated":true}]}}