{"id":16692,"date":"2024-05-23T15:55:28","date_gmt":"2024-05-23T15:55:28","guid":{"rendered":"https:\/\/www.montanheiros.com\/?p=16692"},"modified":"2024-05-23T15:56:32","modified_gmt":"2024-05-23T15:56:32","slug":"v-campanha-pedacos-de-mar-e-ambiente-2024","status":"publish","type":"post","link":"https:\/\/www.montanheiros.com\/en\/2024\/05\/23\/v-campanha-pedacos-de-mar-e-ambiente-2024\/","title":{"rendered":"V CAMPANHA PEDA\u00c7OS DE MAR E AMBIENTE 2024"},"content":{"rendered":"\n\n\n<p>Com o objetivo de dar maior visibilidade \u00e0s efem\u00e9rides do Dia Mundial do Ambiente e do Dia Mundial dos Oceanos, que se celebram a 5 e 8 de junho, respetivamente, surge a quinta edi\u00e7\u00e3o da campanha \u201cPeda\u00e7os de Mar e Ambiente\u201d, que este ano integra os objetivos do Programa Ambiental das Na\u00e7\u00f5es Unidas: acelerar o restauro da terra; resistir \u00e0 seca e desertifica\u00e7\u00e3o, e ainda para o mar, o &#8220;despertar para novas <a><\/a>profundidades&#8221;. Pela primeira vez este ano, a Campanha integra tamb\u00e9m as atividades da Semana Europeia de Geoparques.<\/p>\n\n\n\n<p>A organiza\u00e7\u00e3o da campanha recai sobre a Associa\u00e7\u00e3o Os Montanheiros, o Observat\u00f3rio do Ambiente dos A\u00e7ores \u2013 Centro de Ci\u00eancia de Angra do Hero\u00edsmo, o A\u00e7ores Geoparque Mundial da UNESCO, o Grupo de Biodiversidade dos A\u00e7ores \/CE3C da Universidade dos A\u00e7ores, o Grupo Marine Waste in Terceira Island e a Associa\u00e7\u00e3o de defesa do Ambiente G\u00ea-Questa, com o apoio de diversas entidades.<\/p>\n\n\n\n<p>A continuidade desta iniciativa surge da crescente preocupa\u00e7\u00e3o com o nosso ambiente, quer em terra quer no mar, e da multiplicidade de iniciativas a decorrer no arquip\u00e9lago e com objetivos comuns. Com a colabora\u00e7\u00e3o dos Centros de Ci\u00eancia dos A\u00e7ores e incluindo a Semana Europeia de Geoparques, esta campanha assume assim \u00e2mbito regional.<\/p>\n\n\n\n<p>O cartaz- programa contempla atividades a decorrer nas v\u00e1rias ilhas dos A\u00e7ores entre 25 de maio e 8 de junho inclusive, designadamente um concurso fotogr\u00e1fico, palestras, diversas a\u00e7\u00f5es de interpreta\u00e7\u00e3o ambiental, trilhos, workshops, sess\u00f5es em contexto escolar, geo-rotas urbanas, baptismos de surf e de mergulho, feiras, exposi\u00e7\u00f5es, entre muitas outras.<\/p>\n\n\n\n<p>Consulte o programa detalhado e por semana e por ilha na nossa p\u00e1gina de Facebook: <a href=\"https:\/\/www.facebook.com\/profile.php?id=61559548499478\">https:\/\/www.facebook.com\/profile.php?id=61559548499478<\/a><\/p>\n\n\n\n<p>Ou esteja atento \u00e0s nossas newsletters.<\/p>\n\n\n<div class=\"wp-block-image\">\n<figure class=\"aligncenter size-large is-resized\"><img loading=\"lazy\" decoding=\"async\" width=\"566\" height=\"800\" src=\"https:\/\/www.montanheiros.com\/wp-content\/uploads\/2024\/05\/cartaz-campanha2024-AF-566x800.jpg\" alt=\"\" class=\"wp-image-16693\" style=\"width:341px;height:auto\" srcset=\"https:\/\/www.montanheiros.com\/wp-content\/uploads\/2024\/05\/cartaz-campanha2024-AF-566x800.jpg 566w, https:\/\/www.montanheiros.com\/wp-content\/uploads\/2024\/05\/cartaz-campanha2024-AF-283x400.jpg 283w, https:\/\/www.montanheiros.com\/wp-content\/uploads\/2024\/05\/cartaz-campanha2024-AF-768x1086.jpg 768w, https:\/\/www.montanheiros.com\/wp-content\/uploads\/2024\/05\/cartaz-campanha2024-AF-500x707.jpg 500w, https:\/\/www.montanheiros.com\/wp-content\/uploads\/2024\/05\/cartaz-campanha2024-AF.jpg 842w\" sizes=\"auto, (max-width: 566px) 100vw, 566px\" \/><\/figure>\n<\/div>","protected":false},"excerpt":{"rendered":"<p>Com o objetivo de dar maior visibilidade \u00e0s efem\u00e9rides do Dia Mundial do Ambiente e do Dia Mundial dos Oceanos, que se celebram a 5 e 8 de junho, respetivamente, surge a quinta edi\u00e7\u00e3o da campanha \u201cPeda\u00e7os de Mar e Ambiente\u201d, que este ano integra os objetivos do Programa Ambiental das Na\u00e7\u00f5es Unidas: acelerar o [&#8230;]\n","protected":false},"author":2,"featured_media":0,"comment_status":"open","ping_status":"open","sticky":false,"template":"","format":"standard","meta":{"jetpack_post_was_ever_published":false,"_jetpack_newsletter_access":"","_jetpack_dont_email_post_to_subs":false,"_jetpack_newsletter_tier_id":0,"_jetpack_memberships_contains_paywalled_content":false,"_jetpack_memberships_contains_paid_content":false,"footnotes":"","jetpack_publicize_message":"","jetpack_publicize_feature_enabled":true,"jetpack_social_post_already_shared":true,"jetpack_social_options":{"image_generator_settings":{"template":"highway","default_image_id":0,"font":"","enabled":false},"version":2}},"categories":[125,464],"tags":[],"class_list":["post-16692","post","type-post","status-publish","format-standard","hentry","category-terceira","category-noticias"],"jetpack_publicize_connections":[],"jetpack_featured_media_url":"","jetpack_sharing_enabled":true,"jetpack_shortlink":"https:\/\/wp.me\/paT0CI-4le","_links":{"self":[{"href":"https:\/\/www.montanheiros.com\/en\/wp-json\/wp\/v2\/posts\/16692","targetHints":{"allow":["GET"]}}],"collection":[{"href":"https:\/\/www.montanheiros.com\/en\/wp-json\/wp\/v2\/posts"}],"about":[{"href":"https:\/\/www.montanheiros.com\/en\/wp-json\/wp\/v2\/types\/post"}],"author":[{"embeddable":true,"href":"https:\/\/www.montanheiros.com\/en\/wp-json\/wp\/v2\/users\/2"}],"replies":[{"embeddable":true,"href":"https:\/\/www.montanheiros.com\/en\/wp-json\/wp\/v2\/comments?post=16692"}],"version-history":[{"count":1,"href":"https:\/\/www.montanheiros.com\/en\/wp-json\/wp\/v2\/posts\/16692\/revisions"}],"predecessor-version":[{"id":16694,"href":"https:\/\/www.montanheiros.com\/en\/wp-json\/wp\/v2\/posts\/16692\/revisions\/16694"}],"wp:attachment":[{"href":"https:\/\/www.montanheiros.com\/en\/wp-json\/wp\/v2\/media?parent=16692"}],"wp:term":[{"taxonomy":"category","embeddable":true,"href":"https:\/\/www.montanheiros.com\/en\/wp-json\/wp\/v2\/categories?post=16692"},{"taxonomy":"post_tag","embeddable":true,"href":"https:\/\/www.montanheiros.com\/en\/wp-json\/wp\/v2\/tags?post=16692"}],"curies":[{"name":"wp","href":"https:\/\/api.w.org\/{rel}","templated":true}]}}