{"id":18195,"date":"2026-03-03T15:07:30","date_gmt":"2026-03-03T15:07:30","guid":{"rendered":"https:\/\/www.montanheiros.com\/?p=18195"},"modified":"2026-03-03T15:09:41","modified_gmt":"2026-03-03T15:09:41","slug":"censo-de-milhafres-2026","status":"publish","type":"post","link":"https:\/\/www.montanheiros.com\/en\/2026\/03\/03\/censo-de-milhafres-2026\/","title":{"rendered":"CENSO DE MILHAFRES 2026"},"content":{"rendered":"\n\n\n<p>O Censo de Milhafres\/Mantas est\u00e1 de regresso no fim de semana de 21 e 22 de mar\u00e7o numa edi\u00e7\u00e3o especial (20.\u00aa edi\u00e7\u00e3o) desta iniciativa de ci\u00eancia-cidad\u00e3 da SPEA BirdLife, realizada todos os anos desde 2006. A Associa\u00e7\u00e3o Os Montanheiros mais uma vez colabora com a iniciativa na divulga\u00e7\u00e3o e na participa\u00e7\u00e3o no censo.<\/p>\n\n\n\n<p>Durante o censo, equipas de volunt\u00e1rios fazem percursos a p\u00e9, de bicicleta ou de carro, ajudando-nos a recolher dados essenciais sobre duas subesp\u00e9cies \u00fanicas dos arquip\u00e9lagos:<\/p>\n\n\n\n<p><img loading=\"lazy\" decoding=\"async\" height=\"16\" width=\"16\" alt=\"\ud83d\udd39\" src=\"https:\/\/static.xx.fbcdn.net\/images\/emoji.php\/v9\/tf3\/1\/16\/1f539.png\"> Milhafre (A\u00e7ores)<\/p>\n\n\n\n<p><img loading=\"lazy\" decoding=\"async\" height=\"16\" width=\"16\" alt=\"\ud83d\udd39\" src=\"https:\/\/static.xx.fbcdn.net\/images\/emoji.php\/v9\/tf3\/1\/16\/1f539.png\"> Manta (Madeira)<\/p>\n\n\n\n<p><\/p>\n\n\n\n<p><img loading=\"lazy\" decoding=\"async\" height=\"16\" width=\"16\" alt=\"\ud83d\udccc\" src=\"https:\/\/static.xx.fbcdn.net\/images\/emoji.php\/v9\/tac\/1\/16\/1f4cc.png\"> Inscri\u00e7\u00f5es aqui:<\/p>\n\n\n\n<p><img loading=\"lazy\" decoding=\"async\" height=\"16\" width=\"16\" alt=\"\ud83d\udd39\" src=\"https:\/\/static.xx.fbcdn.net\/images\/emoji.php\/v9\/tf3\/1\/16\/1f539.png\">A\u00e7ores <a href=\"https:\/\/forms.gle\/ZikFuKEgGj3LsyTi6?fbclid=IwZXh0bgNhZW0CMTAAYnJpZBEwV1p3U25ISzNCOUxRM29zcXNydGMGYXBwX2lkEDIyMjAzOTE3ODgyMDA4OTIAAR6kfpNJDLvnNVn1p83JL5KEG7KI8qXxW1xawFEJbZpVHTQ9KBT5uMEqHM3Dww_aem_uZiXnrxiDgq40m80TH340g\" rel=\"noreferrer noopener\" target=\"_blank\">https:\/\/forms.gle\/ZikFuKEgGj3LsyTi6<\/a><\/p>\n\n\n\n<p><img loading=\"lazy\" decoding=\"async\" height=\"16\" width=\"16\" alt=\"\ud83d\udd39\" src=\"https:\/\/static.xx.fbcdn.net\/images\/emoji.php\/v9\/tf3\/1\/16\/1f539.png\"> Madeira <a href=\"https:\/\/forms.gle\/3KrDmZBeUeqHX6NPA?fbclid=IwZXh0bgNhZW0CMTAAYnJpZBEwV1p3U25ISzNCOUxRM29zcXNydGMGYXBwX2lkEDIyMjAzOTE3ODgyMDA4OTIAAR5YZn1Xp0Jne-1ZusdgnNUfbW-0thGNj4qbyg6zqBgfDK0BzJiP2OFBBH7DDw_aem_wUWbiQwbgYMo26K--LgjFA\" rel=\"noreferrer noopener\" target=\"_blank\">https:\/\/forms.gle\/3KrDmZBeUeqHX6NPA<\/a><\/p>\n\n\n\n<p> \ud835\udc16\ud835\udc1e\ud835\udc1b\ud835\udc22\ud835\udc27\ud835\udc1a\ud835\udc2b \ud835\udc1d\ud835\udc1e \ud835\udc1a\ud835\udc29\ud835\udc28\ud835\udc22\ud835\udc28 \ud835\udc1a\ud835\udc28\ud835\udc2c \ud835\udc2f\ud835\udc28\ud835\udc25\ud835\udc2e\ud835\udc27\ud835\udc2d\ud835\udc1a\u0301\ud835\udc2b\ud835\udc22\ud835\udc28\ud835\udc2c | \ud835\udfcf\ud835\udfd1 \ud835\udc1d\ud835\udc1e \ud835\udc26\ud835\udc1a\ud835\udc2b\ud835\udc1c\u0327\ud835\udc28<\/p>\n\n\n\n<p>Explicamos o m\u00e9todo, tiramos d\u00favidas e damos dicas pr\u00e1ticas para o fim de semana do censo.<\/p>\n\n\n\n<p> Inscri\u00e7\u00e3o no webinar: <a href=\"https:\/\/events.teams.microsoft.com\/event\/988368e1-1f87-4aa0-9d0f-c3aecee306e0@1e8f7eb8-3599-490b-bcc4-68ff8bc50073?fbclid=IwZXh0bgNhZW0CMTAAYnJpZBEwV1p3U25ISzNCOUxRM29zcXNydGMGYXBwX2lkEDIyMjAzOTE3ODgyMDA4OTIAAR6kfpNJDLvnNVn1p83JL5KEG7KI8qXxW1xawFEJbZpVHTQ9KBT5uMEqHM3Dww_aem_uZiXnrxiDgq40m80TH340g\" target=\"_blank\" rel=\"noreferrer noopener\">https:\/\/events.teams.microsoft.com\/&#8230;\/988368e1-1f87-4aa0&#8230;<\/a><\/p>\n\n\n\n<p>Vens conosco? E se conheces algu\u00e9m que adora natureza, partilha este post! <\/p>\n\n\n<div class=\"wp-block-image\">\n<figure class=\"aligncenter size-large\"><img loading=\"lazy\" decoding=\"async\" width=\"800\" height=\"800\" src=\"https:\/\/www.montanheiros.com\/wp-content\/uploads\/2026\/03\/644315053_1322833309889786_3821902595944715879_n-800x800.jpg\" alt=\"\" class=\"wp-image-18196\" srcset=\"https:\/\/www.montanheiros.com\/wp-content\/uploads\/2026\/03\/644315053_1322833309889786_3821902595944715879_n-800x800.jpg 800w, https:\/\/www.montanheiros.com\/wp-content\/uploads\/2026\/03\/644315053_1322833309889786_3821902595944715879_n-400x400.jpg 400w, https:\/\/www.montanheiros.com\/wp-content\/uploads\/2026\/03\/644315053_1322833309889786_3821902595944715879_n-280x280.jpg 280w, https:\/\/www.montanheiros.com\/wp-content\/uploads\/2026\/03\/644315053_1322833309889786_3821902595944715879_n-768x768.jpg 768w, https:\/\/www.montanheiros.com\/wp-content\/uploads\/2026\/03\/644315053_1322833309889786_3821902595944715879_n-1536x1536.jpg 1536w, https:\/\/www.montanheiros.com\/wp-content\/uploads\/2026\/03\/644315053_1322833309889786_3821902595944715879_n-300x300.jpg 300w, https:\/\/www.montanheiros.com\/wp-content\/uploads\/2026\/03\/644315053_1322833309889786_3821902595944715879_n-500x500.jpg 500w, https:\/\/www.montanheiros.com\/wp-content\/uploads\/2026\/03\/644315053_1322833309889786_3821902595944715879_n-100x100.jpg 100w, https:\/\/www.montanheiros.com\/wp-content\/uploads\/2026\/03\/644315053_1322833309889786_3821902595944715879_n.jpg 2048w\" sizes=\"auto, (max-width: 800px) 100vw, 800px\" \/><\/figure>\n<\/div>","protected":false},"excerpt":{"rendered":"<p>O Censo de Milhafres\/Mantas est\u00e1 de regresso no fim de semana de 21 e 22 de mar\u00e7o numa edi\u00e7\u00e3o especial (20.\u00aa edi\u00e7\u00e3o) desta iniciativa de ci\u00eancia-cidad\u00e3 da SPEA BirdLife, realizada todos os anos desde 2006. A Associa\u00e7\u00e3o Os Montanheiros mais uma vez colabora com a iniciativa na divulga\u00e7\u00e3o e na participa\u00e7\u00e3o no censo. Durante o [&#8230;]\n","protected":false},"author":2,"featured_media":18196,"comment_status":"open","ping_status":"open","sticky":false,"template":"","format":"standard","meta":{"jetpack_post_was_ever_published":false,"_jetpack_newsletter_access":"","_jetpack_dont_email_post_to_subs":false,"_jetpack_newsletter_tier_id":0,"_jetpack_memberships_contains_paywalled_content":false,"_jetpack_memberships_contains_paid_content":false,"footnotes":"","jetpack_publicize_message":"","jetpack_publicize_feature_enabled":true,"jetpack_social_post_already_shared":true,"jetpack_social_options":{"image_generator_settings":{"template":"highway","default_image_id":0,"font":"","enabled":false},"version":2}},"categories":[456],"tags":[],"class_list":["post-18195","post","type-post","status-publish","format-standard","has-post-thumbnail","hentry","category-agenda"],"jetpack_publicize_connections":[],"jetpack_featured_media_url":"https:\/\/www.montanheiros.com\/wp-content\/uploads\/2026\/03\/644315053_1322833309889786_3821902595944715879_n.jpg","jetpack_sharing_enabled":true,"jetpack_shortlink":"https:\/\/wp.me\/paT0CI-4Jt","_links":{"self":[{"href":"https:\/\/www.montanheiros.com\/en\/wp-json\/wp\/v2\/posts\/18195","targetHints":{"allow":["GET"]}}],"collection":[{"href":"https:\/\/www.montanheiros.com\/en\/wp-json\/wp\/v2\/posts"}],"about":[{"href":"https:\/\/www.montanheiros.com\/en\/wp-json\/wp\/v2\/types\/post"}],"author":[{"embeddable":true,"href":"https:\/\/www.montanheiros.com\/en\/wp-json\/wp\/v2\/users\/2"}],"replies":[{"embeddable":true,"href":"https:\/\/www.montanheiros.com\/en\/wp-json\/wp\/v2\/comments?post=18195"}],"version-history":[{"count":2,"href":"https:\/\/www.montanheiros.com\/en\/wp-json\/wp\/v2\/posts\/18195\/revisions"}],"predecessor-version":[{"id":18199,"href":"https:\/\/www.montanheiros.com\/en\/wp-json\/wp\/v2\/posts\/18195\/revisions\/18199"}],"wp:featuredmedia":[{"embeddable":true,"href":"https:\/\/www.montanheiros.com\/en\/wp-json\/wp\/v2\/media\/18196"}],"wp:attachment":[{"href":"https:\/\/www.montanheiros.com\/en\/wp-json\/wp\/v2\/media?parent=18195"}],"wp:term":[{"taxonomy":"category","embeddable":true,"href":"https:\/\/www.montanheiros.com\/en\/wp-json\/wp\/v2\/categories?post=18195"},{"taxonomy":"post_tag","embeddable":true,"href":"https:\/\/www.montanheiros.com\/en\/wp-json\/wp\/v2\/tags?post=18195"}],"curies":[{"name":"wp","href":"https:\/\/api.w.org\/{rel}","templated":true}]}}