{"id":8123,"date":"2006-06-04T14:23:14","date_gmt":"2006-06-04T14:23:14","guid":{"rendered":"http:\/\/montanheiros.cecilia-designs.com\/?p=8123"},"modified":"2019-05-24T14:26:00","modified_gmt":"2019-05-24T14:26:00","slug":"curso-compostagem-domestica","status":"publish","type":"post","link":"https:\/\/www.montanheiros.com\/en\/2006\/06\/04\/curso-compostagem-domestica\/","title":{"rendered":"Curso de compostagem dom\u00e9stica - Ecoteca do Pico"},"content":{"rendered":"\n<p>Vai-se realizar no pr\u00f3ximo dia 1 de Julho na Ecoteca do Pico um curso de compostagem dom\u00e9stica. O curso decorrer\u00e1 em dois per\u00edodos o primeiro entre as 11h e as 12h30 e o segundo entre as 14h e as 17h. As inscri\u00e7\u00f5es poder\u00e3o ser efectuadas at\u00e9 ao dia 25 de Maio na Ecoteca do Pico, ou atrav\u00e9s do Tel.\/Fax: 292622207 <\/p>\n","protected":false},"excerpt":{"rendered":"<p>Vai-se realizar no pr\u00f3ximo dia 1 de Julho na Ecoteca do Pico um curso de compostagem dom\u00e9stica. O curso decorrer\u00e1 em dois per\u00edodos o primeiro entre as 11h e as 12h30 e o segundo entre as 14h e as 17h. As inscri\u00e7\u00f5es poder\u00e3o ser efectuadas at\u00e9 ao dia 25 de Maio na Ecoteca do Pico, [&#8230;]\n","protected":false},"author":1,"featured_media":0,"comment_status":"closed","ping_status":"closed","sticky":false,"template":"","format":"standard","meta":{"jetpack_post_was_ever_published":false,"_jetpack_newsletter_access":"","_jetpack_dont_email_post_to_subs":false,"_jetpack_newsletter_tier_id":0,"_jetpack_memberships_contains_paywalled_content":false,"_jetpack_memberships_contains_paid_content":false,"footnotes":"","jetpack_publicize_message":"","jetpack_publicize_feature_enabled":true,"jetpack_social_post_already_shared":true,"jetpack_social_options":{"image_generator_settings":{"template":"highway","default_image_id":0,"font":"","enabled":false},"version":2}},"categories":[115],"tags":[133],"class_list":["post-8123","post","type-post","status-publish","format-standard","hentry","category-pico","tag-compostagem"],"jetpack_publicize_connections":[],"jetpack_featured_media_url":"","jetpack_sharing_enabled":true,"jetpack_shortlink":"https:\/\/wp.me\/paT0CI-271","_links":{"self":[{"href":"https:\/\/www.montanheiros.com\/en\/wp-json\/wp\/v2\/posts\/8123","targetHints":{"allow":["GET"]}}],"collection":[{"href":"https:\/\/www.montanheiros.com\/en\/wp-json\/wp\/v2\/posts"}],"about":[{"href":"https:\/\/www.montanheiros.com\/en\/wp-json\/wp\/v2\/types\/post"}],"author":[{"embeddable":true,"href":"https:\/\/www.montanheiros.com\/en\/wp-json\/wp\/v2\/users\/1"}],"replies":[{"embeddable":true,"href":"https:\/\/www.montanheiros.com\/en\/wp-json\/wp\/v2\/comments?post=8123"}],"version-history":[{"count":1,"href":"https:\/\/www.montanheiros.com\/en\/wp-json\/wp\/v2\/posts\/8123\/revisions"}],"predecessor-version":[{"id":8124,"href":"https:\/\/www.montanheiros.com\/en\/wp-json\/wp\/v2\/posts\/8123\/revisions\/8124"}],"wp:attachment":[{"href":"https:\/\/www.montanheiros.com\/en\/wp-json\/wp\/v2\/media?parent=8123"}],"wp:term":[{"taxonomy":"category","embeddable":true,"href":"https:\/\/www.montanheiros.com\/en\/wp-json\/wp\/v2\/categories?post=8123"},{"taxonomy":"post_tag","embeddable":true,"href":"https:\/\/www.montanheiros.com\/en\/wp-json\/wp\/v2\/tags?post=8123"}],"curies":[{"name":"wp","href":"https:\/\/api.w.org\/{rel}","templated":true}]}}