{"id":8301,"date":"2018-03-19T09:34:19","date_gmt":"2018-03-19T09:34:19","guid":{"rendered":"http:\/\/montanheiros.cecilia-designs.com\/?p=8301"},"modified":"2019-05-26T09:36:27","modified_gmt":"2019-05-26T09:36:27","slug":"montanheiros-marcaram-presenca-na-xvi-semana-da-ciencia-da-ebiah","status":"publish","type":"post","link":"https:\/\/www.montanheiros.com\/en\/2018\/03\/19\/montanheiros-marcaram-presenca-na-xvi-semana-da-ciencia-da-ebiah\/","title":{"rendered":"Montanheiros marcaram presen\u00e7a na XVI Semana da Ci\u00eancia da EBIAH"},"content":{"rendered":"\n<figure class=\"wp-block-image\"><img loading=\"lazy\" decoding=\"async\" width=\"1024\" height=\"683\" src=\"http:\/\/montanheiros.cecilia-designs.com\/wp-content\/uploads\/2019\/05\/big1521475707.jpg\" alt=\"\" class=\"wp-image-8302\" srcset=\"https:\/\/www.montanheiros.com\/wp-content\/uploads\/2019\/05\/big1521475707.jpg 1024w, https:\/\/www.montanheiros.com\/wp-content\/uploads\/2019\/05\/big1521475707-600x400.jpg 600w, https:\/\/www.montanheiros.com\/wp-content\/uploads\/2019\/05\/big1521475707-768x512.jpg 768w, https:\/\/www.montanheiros.com\/wp-content\/uploads\/2019\/05\/big1521475707-500x333.jpg 500w\" sizes=\"auto, (max-width: 1024px) 100vw, 1024px\" \/><\/figure>\n\n\n\n<p>De 19 a 25 mar\u00e7o teve lugar a XVI Semana da Ci\u00eancia organizada pela \nEscola B\u00e1sica Integrada de Angra do Hero\u00edsmo. Ao longo destes dias \ntiveram lugar sess\u00f5es culturais, com momentos musicais, de poesia e \ndan\u00e7a e diversas confer\u00eancias e atividades nos diversos ramos da \nci\u00eancia.&nbsp;<\/p>\n\n\n\n<p>A convite da EBIAH a Associa\u00e7\u00e3o Os Montanheiros esteve presente com a\n confer\u00eancia &#8220;Grutas e Algares da Ilha Terceira&#8221;apresentada pela Eng\u00aa. \nAnnabella Borges.<\/p>\n","protected":false},"excerpt":{"rendered":"<p>De 19 a 25 mar\u00e7o teve lugar a XVI Semana da Ci\u00eancia organizada pela Escola B\u00e1sica Integrada de Angra do Hero\u00edsmo. Ao longo destes dias tiveram lugar sess\u00f5es culturais, com momentos musicais, de poesia e dan\u00e7a e diversas confer\u00eancias e atividades nos diversos ramos da ci\u00eancia.&nbsp; A convite da EBIAH a Associa\u00e7\u00e3o Os Montanheiros esteve [&#8230;]\n","protected":false},"author":1,"featured_media":0,"comment_status":"closed","ping_status":"closed","sticky":false,"template":"","format":"standard","meta":{"jetpack_post_was_ever_published":false,"_jetpack_newsletter_access":"","_jetpack_dont_email_post_to_subs":false,"_jetpack_newsletter_tier_id":0,"_jetpack_memberships_contains_paywalled_content":false,"_jetpack_memberships_contains_paid_content":false,"footnotes":"","jetpack_publicize_message":"","jetpack_publicize_feature_enabled":true,"jetpack_social_post_already_shared":true,"jetpack_social_options":{"image_generator_settings":{"template":"highway","default_image_id":0,"font":"","enabled":false},"version":2}},"categories":[1],"tags":[],"class_list":["post-8301","post","type-post","status-publish","format-standard","hentry","category-sem-categoria"],"jetpack_publicize_connections":[],"jetpack_featured_media_url":"","jetpack_sharing_enabled":true,"jetpack_shortlink":"https:\/\/wp.me\/paT0CI-29T","_links":{"self":[{"href":"https:\/\/www.montanheiros.com\/en\/wp-json\/wp\/v2\/posts\/8301","targetHints":{"allow":["GET"]}}],"collection":[{"href":"https:\/\/www.montanheiros.com\/en\/wp-json\/wp\/v2\/posts"}],"about":[{"href":"https:\/\/www.montanheiros.com\/en\/wp-json\/wp\/v2\/types\/post"}],"author":[{"embeddable":true,"href":"https:\/\/www.montanheiros.com\/en\/wp-json\/wp\/v2\/users\/1"}],"replies":[{"embeddable":true,"href":"https:\/\/www.montanheiros.com\/en\/wp-json\/wp\/v2\/comments?post=8301"}],"version-history":[{"count":1,"href":"https:\/\/www.montanheiros.com\/en\/wp-json\/wp\/v2\/posts\/8301\/revisions"}],"predecessor-version":[{"id":8303,"href":"https:\/\/www.montanheiros.com\/en\/wp-json\/wp\/v2\/posts\/8301\/revisions\/8303"}],"wp:attachment":[{"href":"https:\/\/www.montanheiros.com\/en\/wp-json\/wp\/v2\/media?parent=8301"}],"wp:term":[{"taxonomy":"category","embeddable":true,"href":"https:\/\/www.montanheiros.com\/en\/wp-json\/wp\/v2\/categories?post=8301"},{"taxonomy":"post_tag","embeddable":true,"href":"https:\/\/www.montanheiros.com\/en\/wp-json\/wp\/v2\/tags?post=8301"}],"curies":[{"name":"wp","href":"https:\/\/api.w.org\/{rel}","templated":true}]}}