{"id":8308,"date":"2018-04-09T09:40:09","date_gmt":"2018-04-09T09:40:09","guid":{"rendered":"http:\/\/montanheiros.cecilia-designs.com\/?p=8308"},"modified":"2019-05-26T10:19:09","modified_gmt":"2019-05-26T10:19:09","slug":"associacao-os-montanheiros-colabora-com-a-spea","status":"publish","type":"post","link":"https:\/\/www.montanheiros.com\/en\/2018\/04\/09\/associacao-os-montanheiros-colabora-com-a-spea\/","title":{"rendered":"Associa\u00e7\u00e3o os Montanheiros colabora com a SPEA no censo de Milhafres 2018"},"content":{"rendered":"\n<figure class=\"wp-block-image\"><img loading=\"lazy\" decoding=\"async\" width=\"1024\" height=\"644\" src=\"http:\/\/montanheiros.cecilia-designs.com\/wp-content\/uploads\/2019\/05\/big1523358539.jpg\" alt=\"\" class=\"wp-image-8309\" srcset=\"https:\/\/www.montanheiros.com\/wp-content\/uploads\/2019\/05\/big1523358539.jpg 1024w, https:\/\/www.montanheiros.com\/wp-content\/uploads\/2019\/05\/big1523358539-636x400.jpg 636w, https:\/\/www.montanheiros.com\/wp-content\/uploads\/2019\/05\/big1523358539-768x483.jpg 768w, https:\/\/www.montanheiros.com\/wp-content\/uploads\/2019\/05\/big1523358539-500x314.jpg 500w\" sizes=\"auto, (max-width: 1024px) 100vw, 1024px\" \/><\/figure>\n\n\n\n<p>O&nbsp;Censo&nbsp;de&nbsp;Milhafres&nbsp;\u00e9 uma iniciativa de&nbsp;<strong><em>Citizen Science &#8211; Cidadania na&nbsp;Ci\u00eancia<\/em><\/strong>,\n coordenada anualmente pela Sociedade Portuguesa para o Estudo das Aves \n(SPEA) desde de 2006 e que ocorre simultaneamente nos arquip\u00e9lagos dos \nA\u00e7ores e Madeira. Este&nbsp;censo&nbsp;prop\u00f5e a participa\u00e7\u00e3o dos cidad\u00e3os num \nprojeto que visa a obten\u00e7\u00e3o de mais dados sobre as popula\u00e7\u00f5es \nde&nbsp;milhafres&nbsp;ai existentes permitindo obter informa\u00e7\u00f5es que de outra \nforma seriam imposs\u00edveis.<\/p>\n\n\n\n<p>Este ano, a SPEA voltou a lan\u00e7ar o apelo \u00e0 participa\u00e7\u00e3o \nneste&nbsp;censo&nbsp;que decorreu nos dias 7 e 8 de abril. Mais uma vez a \nAssocia\u00e7\u00e3o Os Montanheiros participou no censo gra\u00e7as \u00e0 colabora\u00e7\u00e3o de \nLu\u00eds Barcelos e Susana \u00c1zera. Num total de 32,30 Km foram avistados 12 \nmilhafres, em v\u00f4o ou pousados, em zonas de pastagem, floresta e pr\u00f3ximo \nde zonas urbanas.<\/p>\n","protected":false},"excerpt":{"rendered":"<p>O&nbsp;Censo&nbsp;de&nbsp;Milhafres&nbsp;\u00e9 uma iniciativa de&nbsp;Citizen Science &#8211; Cidadania na&nbsp;Ci\u00eancia, coordenada anualmente pela Sociedade Portuguesa para o Estudo das Aves (SPEA) desde de 2006 e que ocorre simultaneamente nos arquip\u00e9lagos dos A\u00e7ores e Madeira. Este&nbsp;censo&nbsp;prop\u00f5e a participa\u00e7\u00e3o dos cidad\u00e3os num projeto que visa a obten\u00e7\u00e3o de mais dados sobre as popula\u00e7\u00f5es de&nbsp;milhafres&nbsp;ai existentes permitindo obter informa\u00e7\u00f5es que [&#8230;]\n","protected":false},"author":1,"featured_media":0,"comment_status":"closed","ping_status":"closed","sticky":false,"template":"","format":"standard","meta":{"jetpack_post_was_ever_published":false,"_jetpack_newsletter_access":"","_jetpack_dont_email_post_to_subs":false,"_jetpack_newsletter_tier_id":0,"_jetpack_memberships_contains_paywalled_content":false,"_jetpack_memberships_contains_paid_content":false,"footnotes":"","jetpack_publicize_message":"","jetpack_publicize_feature_enabled":true,"jetpack_social_post_already_shared":true,"jetpack_social_options":{"image_generator_settings":{"template":"highway","default_image_id":0,"font":"","enabled":false},"version":2}},"categories":[1],"tags":[155],"class_list":["post-8308","post","type-post","status-publish","format-standard","hentry","category-sem-categoria","tag-milhafres"],"jetpack_publicize_connections":[],"jetpack_featured_media_url":"","jetpack_sharing_enabled":true,"jetpack_shortlink":"https:\/\/wp.me\/paT0CI-2a0","_links":{"self":[{"href":"https:\/\/www.montanheiros.com\/en\/wp-json\/wp\/v2\/posts\/8308","targetHints":{"allow":["GET"]}}],"collection":[{"href":"https:\/\/www.montanheiros.com\/en\/wp-json\/wp\/v2\/posts"}],"about":[{"href":"https:\/\/www.montanheiros.com\/en\/wp-json\/wp\/v2\/types\/post"}],"author":[{"embeddable":true,"href":"https:\/\/www.montanheiros.com\/en\/wp-json\/wp\/v2\/users\/1"}],"replies":[{"embeddable":true,"href":"https:\/\/www.montanheiros.com\/en\/wp-json\/wp\/v2\/comments?post=8308"}],"version-history":[{"count":1,"href":"https:\/\/www.montanheiros.com\/en\/wp-json\/wp\/v2\/posts\/8308\/revisions"}],"predecessor-version":[{"id":8310,"href":"https:\/\/www.montanheiros.com\/en\/wp-json\/wp\/v2\/posts\/8308\/revisions\/8310"}],"wp:attachment":[{"href":"https:\/\/www.montanheiros.com\/en\/wp-json\/wp\/v2\/media?parent=8308"}],"wp:term":[{"taxonomy":"category","embeddable":true,"href":"https:\/\/www.montanheiros.com\/en\/wp-json\/wp\/v2\/categories?post=8308"},{"taxonomy":"post_tag","embeddable":true,"href":"https:\/\/www.montanheiros.com\/en\/wp-json\/wp\/v2\/tags?post=8308"}],"curies":[{"name":"wp","href":"https:\/\/api.w.org\/{rel}","templated":true}]}}