{"id":8317,"date":"2018-05-07T09:45:03","date_gmt":"2018-05-07T09:45:03","guid":{"rendered":"http:\/\/montanheiros.cecilia-designs.com\/?p=8317"},"modified":"2019-05-26T10:18:15","modified_gmt":"2019-05-26T10:18:15","slug":"grupo-da-biodiversidade-dos-acores-organiza-r-a-v-e-terceira-2018","status":"publish","type":"post","link":"https:\/\/www.montanheiros.com\/en\/2018\/05\/07\/grupo-da-biodiversidade-dos-acores-organiza-r-a-v-e-terceira-2018\/","title":{"rendered":"Grupo da biodiversidade dos A\u00e7ores organiza R.A.V.E. Terceira 2018"},"content":{"rendered":"\n<div class=\"wp-block-image\"><figure class=\"alignleft is-resized\"><img loading=\"lazy\" decoding=\"async\" src=\"http:\/\/montanheiros.cecilia-designs.com\/wp-content\/uploads\/2019\/05\/big1525790595.jpg\" alt=\"\" class=\"wp-image-8318\" width=\"279\" height=\"393\" srcset=\"https:\/\/www.montanheiros.com\/wp-content\/uploads\/2019\/05\/big1525790595.jpg 536w, https:\/\/www.montanheiros.com\/wp-content\/uploads\/2019\/05\/big1525790595-284x400.jpg 284w, https:\/\/www.montanheiros.com\/wp-content\/uploads\/2019\/05\/big1525790595-500x705.jpg 500w\" sizes=\"auto, (max-width: 279px) 100vw, 279px\" \/><\/figure><\/div>\n\n\n\n<p>Vai ter lugar nos pr\u00f3ximos dias <strong>11, 12 e 13 de Maio<\/strong> a 4\u00aa edi\u00e7\u00e3o do concurso fotogr\u00e1fico \u2013 RAVE TERCEIRA 2018: Pauis da Praia da Vit\u00f3ria.<\/p>\n\n\n\n<p>Uma <strong>RAVE<\/strong> (Rapid Assessment Visual Expedition), \nprocura documentar com fotografias, num curto espa\u00e7o de tempo, a \nbiodiversidade e caracter\u00edsticas naturais de \u00e1reas particularmente \ninteressantes, contribuindo para a sensibiliza\u00e7\u00e3o ambiental da popula\u00e7\u00e3o\n e para o invent\u00e1rio biol\u00f3gico dos locais.<\/p>\n\n\n\n<p>Os Pauis da Praia da Vit\u00f3ria, na ilha Terceira, foram as \u00e1reas  escolhidas para esta edi\u00e7\u00e3o. S\u00e3o zonas h\u00famidas de grande beleza e  diversidade biol\u00f3gica, mas ainda desconhecidas de muitos. Com edi\u00e7\u00f5es  anteriores na Terra Brava (2011), Zonas Costeiras da Terceira (2014) e  Mist\u00e9rios Negros (2016), \u00e9 agora a vez de as lentes dos fot\u00f3grafos,  amadores e profissionais, focarem o Paul da Pedreira do Cabo da Praia, o  Paul do Belo Jardim e o Paul da Praia da Vit\u00f3ria.<\/p>\n\n\n\n<p>Admitem-se fotos em tr\u00eas categorias tem\u00e1ticas:<\/p>\n\n\n\n<p>1. Biodiversidade; 2. Paisagem e 3. Presen\u00e7a Humana.<\/p>\n\n\n\n<p>A obten\u00e7\u00e3o de fotografias ter\u00e1 de ser feita entre os dias 11 e 13 de \nMaio de 2018, tendo estas de ser enviadas, juntamente com o formul\u00e1rio \nde inscri\u00e7\u00e3o, at\u00e9 \u00e0s 19h do dia 14 de Maio de 2018, para o endere\u00e7o de \ne-mail: <a href=\"mailto:rave.terceira@gmail.com.\">rave.terceira@gmail.com. <\/a><\/p>\n\n\n\n<p>As fotografias ser\u00e3o avaliadas por um j\u00fari independente, recebendo as\n melhores um certificado e alguns pr\u00e9mios, nomeadamente 100 e 50 Euros \nem combust\u00edveis, livros, azulejos tem\u00e1ticos, e bilhetes de cinema. Todas\n as fotografias selecionadas pelo j\u00fari, ser\u00e3o anunciadas no dia 18 de \nmaio, pelas 18h, no Centro de Interpreta\u00e7\u00e3o da Infraestrutura Verde \nH\u00famida da Praia da Vit\u00f3ria (no Paul da Pedreira do Cabo da Praia), onde \nficar\u00e3o a ser projetadas at\u00e9 ao dia 1 de Junho; as fotografias premiadas\n ficar\u00e3o em exposi\u00e7\u00e3o no Centro de Ci\u00eancia de Angra do Hero\u00edsmo at\u00e9 ao \ndia 30 de Junho de 2018. Depois desta data poder\u00e3o ser vistas na p\u00e1gina \ndo evento: http:\/\/raveterceira.wixsite.com\/rave2018<\/p>\n\n\n\n<p>A presente edi\u00e7\u00e3o \u00e9 da responsabilidade do Grupo da Biodiversidade \ndos A\u00e7ores (GBA\/cE3c) e do Projecto LIFE-CWR (Restauro Ecol\u00f3gico e \nConserva\u00e7\u00e3o da Infraestrutura Verde H\u00famida Costeira da Praia da \nVit\u00f3ria). Tem a colabora\u00e7\u00e3o do Centro de Ci\u00eancia de Angra do Hero\u00edsmo \u2013 \nObservat\u00f3rio do Ambiente dos A\u00e7ores, RCE-Azores e o apoio da C\u00e2mara \nMunicipal da Praia da Vit\u00f3ria e da empresa J.H. Ornelas.<\/p>\n\n\n\n<p><br>Para mais informa\u00e7\u00f5es, indica\u00e7\u00e3o dos vencedores e das fotos, \npodem consultar a p\u00e1gina do evento \nhttp:\/\/raveterceira.wixsite.com\/rave2018.<\/p>\n","protected":false},"excerpt":{"rendered":"<p>Vai ter lugar nos pr\u00f3ximos dias 11, 12 e 13 de Maio a 4\u00aa edi\u00e7\u00e3o do concurso fotogr\u00e1fico \u2013 RAVE TERCEIRA 2018: Pauis da Praia da Vit\u00f3ria. Uma RAVE (Rapid Assessment Visual Expedition), procura documentar com fotografias, num curto espa\u00e7o de tempo, a biodiversidade e caracter\u00edsticas naturais de \u00e1reas particularmente interessantes, contribuindo para a sensibiliza\u00e7\u00e3o [&#8230;]\n","protected":false},"author":1,"featured_media":0,"comment_status":"closed","ping_status":"closed","sticky":false,"template":"","format":"standard","meta":{"jetpack_post_was_ever_published":false,"_jetpack_newsletter_access":"","_jetpack_dont_email_post_to_subs":false,"_jetpack_newsletter_tier_id":0,"_jetpack_memberships_contains_paywalled_content":false,"_jetpack_memberships_contains_paid_content":false,"footnotes":"","jetpack_publicize_message":"","jetpack_publicize_feature_enabled":true,"jetpack_social_post_already_shared":true,"jetpack_social_options":{"image_generator_settings":{"template":"highway","default_image_id":0,"font":"","enabled":false},"version":2}},"categories":[1],"tags":[165],"class_list":["post-8317","post","type-post","status-publish","format-standard","hentry","category-sem-categoria","tag-biodiversidade"],"jetpack_publicize_connections":[],"jetpack_featured_media_url":"","jetpack_sharing_enabled":true,"jetpack_shortlink":"https:\/\/wp.me\/paT0CI-2a9","_links":{"self":[{"href":"https:\/\/www.montanheiros.com\/en\/wp-json\/wp\/v2\/posts\/8317","targetHints":{"allow":["GET"]}}],"collection":[{"href":"https:\/\/www.montanheiros.com\/en\/wp-json\/wp\/v2\/posts"}],"about":[{"href":"https:\/\/www.montanheiros.com\/en\/wp-json\/wp\/v2\/types\/post"}],"author":[{"embeddable":true,"href":"https:\/\/www.montanheiros.com\/en\/wp-json\/wp\/v2\/users\/1"}],"replies":[{"embeddable":true,"href":"https:\/\/www.montanheiros.com\/en\/wp-json\/wp\/v2\/comments?post=8317"}],"version-history":[{"count":1,"href":"https:\/\/www.montanheiros.com\/en\/wp-json\/wp\/v2\/posts\/8317\/revisions"}],"predecessor-version":[{"id":8319,"href":"https:\/\/www.montanheiros.com\/en\/wp-json\/wp\/v2\/posts\/8317\/revisions\/8319"}],"wp:attachment":[{"href":"https:\/\/www.montanheiros.com\/en\/wp-json\/wp\/v2\/media?parent=8317"}],"wp:term":[{"taxonomy":"category","embeddable":true,"href":"https:\/\/www.montanheiros.com\/en\/wp-json\/wp\/v2\/categories?post=8317"},{"taxonomy":"post_tag","embeddable":true,"href":"https:\/\/www.montanheiros.com\/en\/wp-json\/wp\/v2\/tags?post=8317"}],"curies":[{"name":"wp","href":"https:\/\/api.w.org\/{rel}","templated":true}]}}