{"id":8353,"date":"2018-07-10T10:44:31","date_gmt":"2018-07-10T10:44:31","guid":{"rendered":"http:\/\/montanheiros.cecilia-designs.com\/?p=8353"},"modified":"2019-11-30T16:33:45","modified_gmt":"2019-11-30T16:33:45","slug":"clube-desportivo-montanheiros-atinge-o-bronze-em-torres-vedras","status":"publish","type":"post","link":"https:\/\/www.montanheiros.com\/en\/2018\/07\/10\/clube-desportivo-montanheiros-atinge-o-bronze-em-torres-vedras\/","title":{"rendered":"Clube Desportivo Montanheiros atinge o bronze em Torres Vedras"},"content":{"rendered":"\n<div class=\"wp-block-image\"><figure class=\"alignleft is-resized\"><img loading=\"lazy\" decoding=\"async\" src=\"http:\/\/montanheiros.cecilia-designs.com\/wp-content\/uploads\/2019\/05\/big1531214043.jpg\" alt=\"\" class=\"wp-image-8354\" width=\"268\" height=\"357\" srcset=\"https:\/\/www.montanheiros.com\/wp-content\/uploads\/2019\/05\/big1531214043.jpg 576w, https:\/\/www.montanheiros.com\/wp-content\/uploads\/2019\/05\/big1531214043-300x400.jpg 300w, https:\/\/www.montanheiros.com\/wp-content\/uploads\/2019\/05\/big1531214043-500x667.jpg 500w\" sizes=\"auto, (max-width: 268px) 100vw, 268px\" \/><\/figure><\/div>\n\n\n\n<p>O ATV &#8211; Acad\u00e9mico de Torres Vedras e a FPME &#8211; Federa\u00e7\u00e3o Portuguesa de  Montanhismo e Escalada, organizaram no s\u00e1bado, dia 16 de junho, a  terceira e \u00faltima prova a contar para o Circuito FPME de Escalada de  Bloco 2018, prova essa que aconteceu no Pavilh\u00e3o de S\u00e3o Gon\u00e7alo, em  Torres Vedras.<br>Cinco atletas do Clube Desportivo Montanheiros participaram nesta prova.<br>Nesta \u00faltima prova do circuito, os atletas tiveram de dar tudo por  tudo para tentar alcan\u00e7ar os primeiros lugares do ranking FPME do  Circuito de Bloco e subir ao cobi\u00e7ado p\u00f3dio.<\/p>\n\n\n\n<p>Foi com grande alegria que finalmente o trabalho desenvolvido desde o\n inicio da \u00e9poca deu fruto, e o Clube Desportivo Montanheiros viu &nbsp;a&nbsp; \njovem atleta Rita Bettencourt subir ao p\u00f3dio para receber a medalha de \nbronze referente ao escal\u00e3o Infantil A.<\/p>\n\n\n\n<p>Est\u00e3o igualmente de parab\u00e9ns os restantes atletas, que, apesar de n\u00e3o\n terem chegado ao p\u00f3dio, se esfor\u00e7aram e deram o seu melhor, e apesar de\n n\u00e3o o terem conseguido ficaram bem perto dele, pelo que, como se \ncostuma dizer \u201cpara a frente \u00e9 caminho\u201d!<\/p>\n\n\n\n<p>Classifica\u00e7\u00f5es em Torres Vedras:<br>Minis Femininos: 6\u00ba Miriam Brasil<br>Infantil A Masculino: 7\u00ba Tiago Sequeira<br>Infantil A Feminino: 3\u00ba Rita Bettencourt<br>Infantil A Feminino: 4\u00ba In\u00eas Parreira<br>Infantil B Feminino: 8\u00ba Sara Bettencourt<\/p>\n\n\n\n<p>Resumo do Circuito FPME de escalada de bloco<\/p>\n\n\n\n<p>Com a terceira e \u00faltima prova que decorreu em Torres Vedras, termina o Circuito FPME de Escalada de Bloco, de 2018.<\/p>\n\n\n\n<p>&nbsp;Para o ano h\u00e1 mais, no entanto o balan\u00e7o, em termos de participa\u00e7\u00e3o \nde atletas do Clube Desportivo Montanheiros \u00e9 muito positivo, \nprincipalmente por este ter sido o primeiro ano que o clube apostou em \nparticipar com alguns atletas em todo o circuito, circuito esse, que \neste ano foi composto por tr\u00eas provas:&nbsp; Soure, Maia e Torres Vedras.<\/p>\n\n\n\n<p>Destaca-se uma r\u00e1pida evolu\u00e7\u00e3o da generalidade dos atletas, da  primeira para a \u00faltima prova do circuito, destacando-se igualmente a  excelente posi\u00e7\u00e3o que os atletas a\u00e7orianos obtiveram no Ranking nacional  da modalidade, na vertente de bloco:<\/p>\n\n\n\n<p>Ranking final FPME 2018, dos atletas a\u00e7orianos:<br>Minis Femininos: 5\u00ba Miriam Brasil<br>Infantil A Masculino: 4\u00ba Tiago Sequeira<br>Infantil A Masculino: 18\u00ba Joseph Glendenning<br>Infantil A Feminino: 4\u00ba Rita Bettencourt<br>Infantil A Feminino: 5\u00ba In\u00eas Parreira<br>Infantil A Feminino: 6\u00ba Sofia Sequeira<br>Infantil B Feminino: 6\u00ba Sara Bettencourt<br>Infantil B Feminino: 10\u00ba Violet Glendenning<br>Iniciados Masculinos: 18\u00ba Miguel Paes<br>Iniciados Feminino: 5\u00ba Maria Ricarte<br>S\u00e9niores Masculinos: 24\u00ba Luis Oliveira<br><br>Aos nossos Apoios e Patrocinadores, um MUITO OBRIGADO, pois s\u00e3o uma parte fundamental em todo este processo. S\u00e3o eles:<br>Governo Regional dos A\u00e7ores;<br> Dire\u00e7\u00e3o Regional do Turismo;<br> Associa\u00e7\u00e3o Os Montanheiros;<br> Caixa Econ\u00f3mica da Miseric\u00f3rdia;\u00a0<br> Atlanticoline;<br> Juntas de Freguesia de S. Mateus, S. Pedro, S. Bartolomeu, Sta Barbara e Cinco Ribeiras.<\/p>\n","protected":false},"excerpt":{"rendered":"<p>O ATV &#8211; Acad\u00e9mico de Torres Vedras e a FPME &#8211; Federa\u00e7\u00e3o Portuguesa de Montanhismo e Escalada, organizaram no s\u00e1bado, dia 16 de junho, a terceira e \u00faltima prova a contar para o Circuito FPME de Escalada de Bloco 2018, prova essa que aconteceu no Pavilh\u00e3o de S\u00e3o Gon\u00e7alo, em Torres Vedras.Cinco atletas do Clube [&#8230;]\n","protected":false},"author":1,"featured_media":0,"comment_status":"closed","ping_status":"closed","sticky":false,"template":"","format":"standard","meta":{"jetpack_post_was_ever_published":false,"_jetpack_newsletter_access":"","_jetpack_dont_email_post_to_subs":false,"_jetpack_newsletter_tier_id":0,"_jetpack_memberships_contains_paywalled_content":false,"_jetpack_memberships_contains_paid_content":false,"footnotes":"","jetpack_publicize_message":"","jetpack_publicize_feature_enabled":true,"jetpack_social_post_already_shared":true,"jetpack_social_options":{"image_generator_settings":{"template":"highway","default_image_id":0,"font":"","enabled":false},"version":2}},"categories":[147,464],"tags":[117,177],"class_list":["post-8353","post","type-post","status-publish","format-standard","hentry","category-cdm","category-noticias","tag-escalada","tag-torres-vedras"],"jetpack_publicize_connections":[],"jetpack_featured_media_url":"","jetpack_sharing_enabled":true,"jetpack_shortlink":"https:\/\/wp.me\/paT0CI-2aJ","_links":{"self":[{"href":"https:\/\/www.montanheiros.com\/en\/wp-json\/wp\/v2\/posts\/8353","targetHints":{"allow":["GET"]}}],"collection":[{"href":"https:\/\/www.montanheiros.com\/en\/wp-json\/wp\/v2\/posts"}],"about":[{"href":"https:\/\/www.montanheiros.com\/en\/wp-json\/wp\/v2\/types\/post"}],"author":[{"embeddable":true,"href":"https:\/\/www.montanheiros.com\/en\/wp-json\/wp\/v2\/users\/1"}],"replies":[{"embeddable":true,"href":"https:\/\/www.montanheiros.com\/en\/wp-json\/wp\/v2\/comments?post=8353"}],"version-history":[{"count":1,"href":"https:\/\/www.montanheiros.com\/en\/wp-json\/wp\/v2\/posts\/8353\/revisions"}],"predecessor-version":[{"id":8355,"href":"https:\/\/www.montanheiros.com\/en\/wp-json\/wp\/v2\/posts\/8353\/revisions\/8355"}],"wp:attachment":[{"href":"https:\/\/www.montanheiros.com\/en\/wp-json\/wp\/v2\/media?parent=8353"}],"wp:term":[{"taxonomy":"category","embeddable":true,"href":"https:\/\/www.montanheiros.com\/en\/wp-json\/wp\/v2\/categories?post=8353"},{"taxonomy":"post_tag","embeddable":true,"href":"https:\/\/www.montanheiros.com\/en\/wp-json\/wp\/v2\/tags?post=8353"}],"curies":[{"name":"wp","href":"https:\/\/api.w.org\/{rel}","templated":true}]}}