{"id":8359,"date":"2018-08-03T10:49:34","date_gmt":"2018-08-03T10:49:34","guid":{"rendered":"http:\/\/montanheiros.cecilia-designs.com\/?p=8359"},"modified":"2019-11-30T16:33:45","modified_gmt":"2019-11-30T16:33:45","slug":"montanheiros-a-descoberta-do-patrimonio","status":"publish","type":"post","link":"https:\/\/www.montanheiros.com\/en\/2018\/08\/03\/montanheiros-a-descoberta-do-patrimonio\/","title":{"rendered":"Montanheiros \u00e0 descoberta do patrim\u00f3nio natural de S. Jorge"},"content":{"rendered":"\n<div class=\"wp-block-image\"><figure class=\"alignleft is-resized\"><img loading=\"lazy\" decoding=\"async\" src=\"http:\/\/montanheiros.cecilia-designs.com\/wp-content\/uploads\/2019\/05\/big1533287038.jpg\" alt=\"\" class=\"wp-image-8360\" width=\"305\" height=\"229\" srcset=\"https:\/\/www.montanheiros.com\/wp-content\/uploads\/2019\/05\/big1533287038.jpg 1024w, https:\/\/www.montanheiros.com\/wp-content\/uploads\/2019\/05\/big1533287038-533x400.jpg 533w, https:\/\/www.montanheiros.com\/wp-content\/uploads\/2019\/05\/big1533287038-768x576.jpg 768w, https:\/\/www.montanheiros.com\/wp-content\/uploads\/2019\/05\/big1533287038-500x375.jpg 500w\" sizes=\"auto, (max-width: 305px) 100vw, 305px\" \/><\/figure><\/div>\n\n\n\n<p>Desde da sua funda\u00e7\u00e3o, a Associa\u00e7\u00e3o Os Montanheiros \ntem organizado atividades que envolvam sempre a componente natureza e o \npedestrianismo, dando a conhecer o patrim\u00f3nio natural da ilha Terceira \nde modo a preservarem o que h\u00e1 de mais precioso desta ilha.<\/p>\n\n\n\n<p>Nestes \u00faltimos anos Os Montanheiros tem tentado diversificar essas \natividades, adicionando mais a componente aventura, quer em travessias \nradicais da ilha no sentido Este-Oeste e outra no sentido Norte-Sul, \ncaminhadas noturnas e no ano passado, a subida \u00e0 montanha do Pico.<\/p>\n\n\n\n<p>Devido \u00e0 satisfa\u00e7\u00e3o que temos vindo a registar dos participantes, \ndecidiu-se este ano passar mais uma vez o limite da ilha e visitar a \nnossa vizinha ilha de S. Jorge, com o objetivo de fazer dois percursos \npedestres e dar a conhecer o patrim\u00f3nio natural e tamb\u00e9m cultural da \nilha.<\/p>\n\n\n\n<p>A organiza\u00e7\u00e3o desta atividade n\u00e3o teria sido poss\u00edvel sem a \ncolabora\u00e7\u00e3o do N\u00facleo dos Montanheiros de S. Jorge, sem os conhecimentos\n e orienta\u00e7\u00f5es do s\u00f3cio Sr. Serafim Brasil e com o precioso apoio da \nC\u00e2mara Municipal da Calheta. A empresa de anima\u00e7\u00e3o tur\u00edstica que levou \neste grupo de 30 aventureiros \u00e0 Calheta foi a \u201cOcean Emotion\u201d e a \nempresa respons\u00e1vel pelos <em>transfers<\/em> em S. Jorge foi \u201cRumos \u00e0 natureza\u201d.<\/p>\n\n\n\n<p>O grupo partiu da ilha Terceira, rumo \u00e0 Calheta no dia 27 de julho \nperto das 14h00. Apesar das condi\u00e7\u00f5es de mar n\u00e3o serem as ideais, \ndecidiu-se entre todos fazer a viagem. Foi uma viagem mais agitada e com\n alguns enjoos, mas chegaram \u00e0 Calheta dentro do hor\u00e1rio.<\/p>\n\n\n\n<p>Na manh\u00e3 do dia 28 julho, o grupo deslocou-se at\u00e9 ao ponto de partida\n do primeiro trilho, o Trilho dos Bardinhos com uma extens\u00e3o de \naproximadamente de 10 Km e com grande teor paisag\u00edstico. Devido \u00e0 \nlocaliza\u00e7\u00e3o e \u00e0s condi\u00e7\u00f5es atmosf\u00e9ricas do dia, viam-se todas as ilhas \ndo grupo central. De um lado Graciosa e Terceira e do outro lado, Pico e\n Faial.<\/p>\n\n\n\n<p>Na manh\u00e3 do dia 29 julho, o destino era o Trilho do \nPortal-Fragueira-Faj\u00e3 dos Vimes, apesar de menor extens\u00e3o tinha maior \ngrau de dificuldade. Ao longo deste percurso, mais precisamente na \nFragueira, foi poss\u00edvel visitar as ru\u00ednas da casa de f\u00e9rias do \nmusic\u00f3logo, compositor e maestro a\u00e7oriano Francisco de Lacerda. Na Faj\u00e3 \ndos Vimes tamb\u00e9m tiveram a oportunidade de saborear o caf\u00e9 produzido na \nfaj\u00e3, no Caf\u00e9 Nunes e ver a produ\u00e7\u00e3o de cafezeiros no local. Durante o \nfim-de-semana e ap\u00f3s o regresso dos trilhos, o grupo teve a oportunidade\n de explorar e conhecer melhor a vila da Calheta.<\/p>\n\n\n\n<p>O regresso \u00e0 Terceira no dia 29 julho foi ligeiramente antecipado, \npois as condi\u00e7\u00f5es de mar n\u00e3o eram as mais favor\u00e1veis, mas mesmo assim a \nviagem decorreu melhor do que na ida. A chegada \u00e0 Marinha de Angra do \nHero\u00edsmo foi por volta 19h55.<\/p>\n\n\n\n<p>O <em>feedback<\/em> do grupo foi positivo e quem sabe, ser\u00e1 a raz\u00e3o para mais uma aventura no pr\u00f3ximo ano.<\/p>\n","protected":false},"excerpt":{"rendered":"<p>Desde da sua funda\u00e7\u00e3o, a Associa\u00e7\u00e3o Os Montanheiros tem organizado atividades que envolvam sempre a componente natureza e o pedestrianismo, dando a conhecer o patrim\u00f3nio natural da ilha Terceira de modo a preservarem o que h\u00e1 de mais precioso desta ilha. Nestes \u00faltimos anos Os Montanheiros tem tentado diversificar essas atividades, adicionando mais a componente [&#8230;]\n","protected":false},"author":1,"featured_media":0,"comment_status":"closed","ping_status":"closed","sticky":false,"template":"","format":"standard","meta":{"jetpack_post_was_ever_published":false,"_jetpack_newsletter_access":"","_jetpack_dont_email_post_to_subs":false,"_jetpack_newsletter_tier_id":0,"_jetpack_memberships_contains_paywalled_content":false,"_jetpack_memberships_contains_paid_content":false,"footnotes":"","jetpack_publicize_message":"","jetpack_publicize_feature_enabled":true,"jetpack_social_post_already_shared":true,"jetpack_social_options":{"image_generator_settings":{"template":"highway","default_image_id":0,"font":"","enabled":false},"version":2}},"categories":[124,464],"tags":[175],"class_list":["post-8359","post","type-post","status-publish","format-standard","hentry","category-sjorge","category-noticias","tag-patrimonio-natural"],"jetpack_publicize_connections":[],"jetpack_featured_media_url":"","jetpack_sharing_enabled":true,"jetpack_shortlink":"https:\/\/wp.me\/paT0CI-2aP","_links":{"self":[{"href":"https:\/\/www.montanheiros.com\/en\/wp-json\/wp\/v2\/posts\/8359","targetHints":{"allow":["GET"]}}],"collection":[{"href":"https:\/\/www.montanheiros.com\/en\/wp-json\/wp\/v2\/posts"}],"about":[{"href":"https:\/\/www.montanheiros.com\/en\/wp-json\/wp\/v2\/types\/post"}],"author":[{"embeddable":true,"href":"https:\/\/www.montanheiros.com\/en\/wp-json\/wp\/v2\/users\/1"}],"replies":[{"embeddable":true,"href":"https:\/\/www.montanheiros.com\/en\/wp-json\/wp\/v2\/comments?post=8359"}],"version-history":[{"count":2,"href":"https:\/\/www.montanheiros.com\/en\/wp-json\/wp\/v2\/posts\/8359\/revisions"}],"predecessor-version":[{"id":8408,"href":"https:\/\/www.montanheiros.com\/en\/wp-json\/wp\/v2\/posts\/8359\/revisions\/8408"}],"wp:attachment":[{"href":"https:\/\/www.montanheiros.com\/en\/wp-json\/wp\/v2\/media?parent=8359"}],"wp:term":[{"taxonomy":"category","embeddable":true,"href":"https:\/\/www.montanheiros.com\/en\/wp-json\/wp\/v2\/categories?post=8359"},{"taxonomy":"post_tag","embeddable":true,"href":"https:\/\/www.montanheiros.com\/en\/wp-json\/wp\/v2\/tags?post=8359"}],"curies":[{"name":"wp","href":"https:\/\/api.w.org\/{rel}","templated":true}]}}