{"id":8415,"date":"2018-01-18T13:51:53","date_gmt":"2018-01-18T13:51:53","guid":{"rendered":"http:\/\/montanheiros.cecilia-designs.com\/?p=8415"},"modified":"2019-05-26T14:06:11","modified_gmt":"2019-05-26T14:06:11","slug":"evento-de-geocaching-na-associacao-os-montanheiros","status":"publish","type":"post","link":"https:\/\/www.montanheiros.com\/en\/2018\/01\/18\/evento-de-geocaching-na-associacao-os-montanheiros\/","title":{"rendered":"Evento de geocaching na associa\u00e7\u00e3o Os Montanheiros celebra o Dia Nacional da Austr\u00e1lia"},"content":{"rendered":"\n<div class=\"wp-block-image\"><figure class=\"alignleft is-resized\"><img loading=\"lazy\" decoding=\"async\" src=\"http:\/\/montanheiros.cecilia-designs.com\/wp-content\/uploads\/2019\/05\/big1516289672.jpg\" alt=\"\" class=\"wp-image-8416\" width=\"296\" height=\"166\" srcset=\"https:\/\/www.montanheiros.com\/wp-content\/uploads\/2019\/05\/big1516289672.jpg 656w, https:\/\/www.montanheiros.com\/wp-content\/uploads\/2019\/05\/big1516289672-500x281.jpg 500w\" sizes=\"auto, (max-width: 296px) 100vw, 296px\" \/><\/figure><\/div>\n\n\n\n<p>No pr\u00f3ximo dia <strong>28 de janeiro<\/strong>,\n a Associa\u00e7\u00e3o &#8221; Os Montanheiros&#8221; convida todos os interessados para \nparticiparem em mais um evento de geocaching, que ter\u00e1 lugar na sua \nsede, sita \u00e0 Rua da Rocha 8.<br> <br> Tendo em conta a comemora\u00e7\u00e3o do <strong>Dia Nacional da Austr\u00e1lia<\/strong>,\n a Groundspeak (empresa que gere&nbsp;o geocaching) convida, por todo o \nmundo, os geocachers a reunirem-se em eventos, nas suas comunidades, \ncelebrando assim este dia.<\/p>\n\n\n\n<p>O programa ser\u00e1 o seguinte:<br>18h00 \u2013 In\u00edcio do evento<br>18h30 \u2013 QUIZ \u2013 O que sabes sobre a Austr\u00e1lia?<br>19h30 \u2013 DOCUMENT\u00c1RIO \u2013 As grandes maravilhas naturais do mundo<br>20h30 \u2013 Entrega do pr\u00e9mio ao vencedor do Quiz<br>20h35 \u2013 Conv\u00edvio<br>22h00 \u2013 Final do evento<\/p>\n\n\n\n<p>Apare\u00e7am\n e participem nesta iniciativa. A entrada \u00e9 livre. Solicita-se, apenas, \nque colaborem com um prato ou bebida para partilhar entre todos.<\/p>\n","protected":false},"excerpt":{"rendered":"<p>No pr\u00f3ximo dia 28 de janeiro, a Associa\u00e7\u00e3o &#8221; Os Montanheiros&#8221; convida todos os interessados para participarem em mais um evento de geocaching, que ter\u00e1 lugar na sua sede, sita \u00e0 Rua da Rocha 8. Tendo em conta a comemora\u00e7\u00e3o do Dia Nacional da Austr\u00e1lia, a Groundspeak (empresa que gere&nbsp;o geocaching) convida, por todo o [&#8230;]\n","protected":false},"author":1,"featured_media":0,"comment_status":"closed","ping_status":"closed","sticky":false,"template":"","format":"standard","meta":{"jetpack_post_was_ever_published":false,"_jetpack_newsletter_access":"","_jetpack_dont_email_post_to_subs":false,"_jetpack_newsletter_tier_id":0,"_jetpack_memberships_contains_paywalled_content":false,"_jetpack_memberships_contains_paid_content":false,"footnotes":"","jetpack_publicize_message":"","jetpack_publicize_feature_enabled":true,"jetpack_social_post_already_shared":true,"jetpack_social_options":{"image_generator_settings":{"template":"highway","default_image_id":0,"font":"","enabled":false},"version":2}},"categories":[129],"tags":[139],"class_list":["post-8415","post","type-post","status-publish","format-standard","hentry","category-montanheiros","tag-geocaching"],"jetpack_publicize_connections":[],"jetpack_featured_media_url":"","jetpack_sharing_enabled":true,"jetpack_shortlink":"https:\/\/wp.me\/paT0CI-2bJ","_links":{"self":[{"href":"https:\/\/www.montanheiros.com\/en\/wp-json\/wp\/v2\/posts\/8415","targetHints":{"allow":["GET"]}}],"collection":[{"href":"https:\/\/www.montanheiros.com\/en\/wp-json\/wp\/v2\/posts"}],"about":[{"href":"https:\/\/www.montanheiros.com\/en\/wp-json\/wp\/v2\/types\/post"}],"author":[{"embeddable":true,"href":"https:\/\/www.montanheiros.com\/en\/wp-json\/wp\/v2\/users\/1"}],"replies":[{"embeddable":true,"href":"https:\/\/www.montanheiros.com\/en\/wp-json\/wp\/v2\/comments?post=8415"}],"version-history":[{"count":1,"href":"https:\/\/www.montanheiros.com\/en\/wp-json\/wp\/v2\/posts\/8415\/revisions"}],"predecessor-version":[{"id":8417,"href":"https:\/\/www.montanheiros.com\/en\/wp-json\/wp\/v2\/posts\/8415\/revisions\/8417"}],"wp:attachment":[{"href":"https:\/\/www.montanheiros.com\/en\/wp-json\/wp\/v2\/media?parent=8415"}],"wp:term":[{"taxonomy":"category","embeddable":true,"href":"https:\/\/www.montanheiros.com\/en\/wp-json\/wp\/v2\/categories?post=8415"},{"taxonomy":"post_tag","embeddable":true,"href":"https:\/\/www.montanheiros.com\/en\/wp-json\/wp\/v2\/tags?post=8415"}],"curies":[{"name":"wp","href":"https:\/\/api.w.org\/{rel}","templated":true}]}}