{"id":8421,"date":"2018-02-04T13:56:00","date_gmt":"2018-02-04T13:56:00","guid":{"rendered":"http:\/\/montanheiros.cecilia-designs.com\/?p=8421"},"modified":"2019-05-26T14:04:56","modified_gmt":"2019-05-26T14:04:56","slug":"quotas-dos-montanheiros-2018","status":"publish","type":"post","link":"https:\/\/www.montanheiros.com\/en\/2018\/02\/04\/quotas-dos-montanheiros-2018\/","title":{"rendered":"Quotas dos Montanheiros 2018 j\u00e1 se encontram a pagamento"},"content":{"rendered":"\n<div class=\"wp-block-image\"><figure class=\"alignleft is-resized\"><img loading=\"lazy\" decoding=\"async\" src=\"http:\/\/montanheiros.cecilia-designs.com\/wp-content\/uploads\/2019\/05\/big1515084864.jpg\" alt=\"\" class=\"wp-image-8422\" width=\"233\" height=\"148\" srcset=\"https:\/\/www.montanheiros.com\/wp-content\/uploads\/2019\/05\/big1515084864.jpg 1024w, https:\/\/www.montanheiros.com\/wp-content\/uploads\/2019\/05\/big1515084864-625x400.jpg 625w, https:\/\/www.montanheiros.com\/wp-content\/uploads\/2019\/05\/big1515084864-768x491.jpg 768w, https:\/\/www.montanheiros.com\/wp-content\/uploads\/2019\/05\/big1515084864-500x320.jpg 500w\" sizes=\"auto, (max-width: 233px) 100vw, 233px\" \/><\/figure><\/div>\n\n\n\n<p>A Associa\u00e7\u00e3o Os Montanheiros informa aos seus estimados s\u00f3cios e \nposs\u00edveis interessados, que j\u00e1 est\u00e3o a pagamento as quotas relativas ao \nano de 2018.<\/p>\n\n\n\n<p>O valor da quota ir\u00e1 manter-se nos 12,00 euros.<\/p>\n\n\n\n<p>Na ilha Terceira, as quotas poder\u00e3o ser liquidadas na Sede dos \nMontanheiros ou atrav\u00e9s da nossa cobradora. Nas ilhas de S.Jorge e Pico \nas quotas estar\u00e3o j\u00e1 a pagamento nos respetivos N\u00facleos de ilha a partir\n da pr\u00f3xima semana.<\/p>\n\n\n\n<p>Aos poss\u00edveis interessados, informamos que sendo s\u00f3cio da Associa\u00e7\u00e3o  Os Montanheiros, apesar de contribuir para a associa\u00e7\u00e3o para futuras  expedi\u00e7\u00f5es\u00a0 e atividades ambientais, tem imensas regalias:<br>&#8211; Entradas gratuitas no Algar do Carv\u00e3o e Gruta do Natal, com acompanhante, durante os hor\u00e1rios de abertura divulgados no <em>site<\/em> oficial<br>&#8211; Descontos at\u00e9 30% em edi\u00e7\u00f5es dos Montanheiros, adquiridas na Sede e N\u00facleos<br>&#8211; Taxa de inscri\u00e7\u00e3o gr\u00e1tis e 25% de desconto nas mensalidades \u201c<em>Plus\u201d<\/em> e \u201c<em>Plus<\/em> <em>em forma\u201d<\/em> do gin\u00e1sio \u201c<em>Fit<\/em> <em>Plus<\/em>\u201d no Terceira Mar Hotel.<br>&#8211; Descontos em a\u00e7\u00f5es de forma\u00e7\u00e3o e atividades organizadas pelos Montanheiros<br>&#8211; Descontos em a\u00e7\u00f5es de forma\u00e7\u00e3o e inscri\u00e7\u00f5es para treinos  monitorizados de escalada, organizadas pelo Clube Desportivo Os  Montanheiros<\/p>\n","protected":false},"excerpt":{"rendered":"<p>A Associa\u00e7\u00e3o Os Montanheiros informa aos seus estimados s\u00f3cios e poss\u00edveis interessados, que j\u00e1 est\u00e3o a pagamento as quotas relativas ao ano de 2018. O valor da quota ir\u00e1 manter-se nos 12,00 euros. Na ilha Terceira, as quotas poder\u00e3o ser liquidadas na Sede dos Montanheiros ou atrav\u00e9s da nossa cobradora. Nas ilhas de S.Jorge e [&#8230;]\n","protected":false},"author":1,"featured_media":0,"comment_status":"closed","ping_status":"closed","sticky":false,"template":"","format":"standard","meta":{"jetpack_post_was_ever_published":false,"_jetpack_newsletter_access":"","_jetpack_dont_email_post_to_subs":false,"_jetpack_newsletter_tier_id":0,"_jetpack_memberships_contains_paywalled_content":false,"_jetpack_memberships_contains_paid_content":false,"footnotes":"","jetpack_publicize_message":"","jetpack_publicize_feature_enabled":true,"jetpack_social_post_already_shared":true,"jetpack_social_options":{"image_generator_settings":{"template":"highway","default_image_id":0,"font":"","enabled":false},"version":2}},"categories":[129],"tags":[],"class_list":["post-8421","post","type-post","status-publish","format-standard","hentry","category-montanheiros"],"jetpack_publicize_connections":[],"jetpack_featured_media_url":"","jetpack_sharing_enabled":true,"jetpack_shortlink":"https:\/\/wp.me\/paT0CI-2bP","_links":{"self":[{"href":"https:\/\/www.montanheiros.com\/en\/wp-json\/wp\/v2\/posts\/8421","targetHints":{"allow":["GET"]}}],"collection":[{"href":"https:\/\/www.montanheiros.com\/en\/wp-json\/wp\/v2\/posts"}],"about":[{"href":"https:\/\/www.montanheiros.com\/en\/wp-json\/wp\/v2\/types\/post"}],"author":[{"embeddable":true,"href":"https:\/\/www.montanheiros.com\/en\/wp-json\/wp\/v2\/users\/1"}],"replies":[{"embeddable":true,"href":"https:\/\/www.montanheiros.com\/en\/wp-json\/wp\/v2\/comments?post=8421"}],"version-history":[{"count":1,"href":"https:\/\/www.montanheiros.com\/en\/wp-json\/wp\/v2\/posts\/8421\/revisions"}],"predecessor-version":[{"id":8423,"href":"https:\/\/www.montanheiros.com\/en\/wp-json\/wp\/v2\/posts\/8421\/revisions\/8423"}],"wp:attachment":[{"href":"https:\/\/www.montanheiros.com\/en\/wp-json\/wp\/v2\/media?parent=8421"}],"wp:term":[{"taxonomy":"category","embeddable":true,"href":"https:\/\/www.montanheiros.com\/en\/wp-json\/wp\/v2\/categories?post=8421"},{"taxonomy":"post_tag","embeddable":true,"href":"https:\/\/www.montanheiros.com\/en\/wp-json\/wp\/v2\/tags?post=8421"}],"curies":[{"name":"wp","href":"https:\/\/api.w.org\/{rel}","templated":true}]}}