{"id":8569,"date":"2016-09-07T15:52:33","date_gmt":"2016-09-07T15:52:33","guid":{"rendered":"http:\/\/montanheiros.cecilia-designs.com\/?p=8569"},"modified":"2019-05-26T21:00:22","modified_gmt":"2019-05-26T21:00:22","slug":"arte-no-vulcao-expressao-artistica-no-interior","status":"publish","type":"post","link":"https:\/\/www.montanheiros.com\/en\/2016\/09\/07\/arte-no-vulcao-expressao-artistica-no-interior\/","title":{"rendered":"\u201cArte no vulc\u00e3o\u201d express\u00e3o art\u00edstica no interior do Algar do Carv\u00e3o"},"content":{"rendered":"\n<figure class=\"wp-block-image\"><img loading=\"lazy\" decoding=\"async\" width=\"1024\" height=\"654\" src=\"http:\/\/montanheiros.cecilia-designs.com\/wp-content\/uploads\/2019\/05\/big1469713533.jpg\" alt=\"\" class=\"wp-image-8570\" srcset=\"https:\/\/www.montanheiros.com\/wp-content\/uploads\/2019\/05\/big1469713533.jpg 1024w, https:\/\/www.montanheiros.com\/wp-content\/uploads\/2019\/05\/big1469713533-626x400.jpg 626w, https:\/\/www.montanheiros.com\/wp-content\/uploads\/2019\/05\/big1469713533-768x491.jpg 768w, https:\/\/www.montanheiros.com\/wp-content\/uploads\/2019\/05\/big1469713533-500x319.jpg 500w\" sizes=\"auto, (max-width: 1024px) 100vw, 1024px\" \/><\/figure>\n\n\n\n<p>A \nAssocia\u00e7\u00e3o Os Montanheiros e o Parque Natural da Terceira,&nbsp;no seguimento\n das atividades art\u00edsticas que se tem desenvolvido no interior do Algar \ndo Carv\u00e3o, convidam os artistas pl\u00e1sticos interessados para pintarem no \ninterior deste magn\u00edfico monumento natural.<\/p>\n\n\n\n<p>A \nliberdade de express\u00e3o e da t\u00e9cnica \u00e9 total e esperamos que o local seja\n uma fonte rica de inspira\u00e7\u00e3o para os artistas que se atrevam a aceitar \neste desafio, desta feita no dom\u00ednio das artes pl\u00e1sticas<\/p>\n\n\n\n<p>Os artistas ter\u00e3o <strong>acesso livre ao algar nas tardes dos dias 17 e 18 de setembro (s\u00e1bado e domingo)<\/strong>, durante o hor\u00e1rio normal de abertura (das <strong>14h30 e as 17h30<\/strong>). Tendo em conta as condi\u00e7\u00f5es naturais do interior, nomeadamente o gotejar constante e a ilumina\u00e7\u00e3o existente, <strong>caber\u00e1 ao artista suprir qualquer necessidade que tenha em equipamento, nomeadamente&nbsp;luz extra, cobertura imperme\u00e1vel&nbsp;ou outro<\/strong>.<\/p>\n\n\n\n<p>Os\n artistas comprometem-se perante a&nbsp;Associa\u00e7\u00e3o Os Montanheiros &nbsp;e o \nParque Natural da Terceira&nbsp;a cederem as obras executadas para \nexposi\u00e7\u00f5es&nbsp;conjuntas&nbsp;a acontecer nos seguintes&nbsp;espa\u00e7os:&nbsp;sede dos \nMontanheiros (de forma a coincidir com o anivers\u00e1rio da associa\u00e7\u00e3o a 1 \nde dezembro),&nbsp;Loja do Parque e&nbsp;Centro de Interpreta\u00e7\u00e3o da Serra de Santa\n B\u00e1rbara, findas&nbsp;as quais ser\u00e3o as obras restitu\u00eddas aos autores.<\/p>\n\n\n\n<p>Para informa\u00e7\u00f5es e inscri\u00e7\u00f5es dever\u00e3o os interessados contactar a Associa\u00e7\u00e3o Os Montanheiros&nbsp;atrav\u00e9s do endere\u00e7o eletr\u00f3nico&nbsp;<a href=\"mailto:montanheiros@montanheiros.com\">montanheiros@montanheiros.com<\/a> &nbsp;e pelo telefone 295212992, e&nbsp;para as quest\u00f5es t\u00e9cnicas dever\u00e3o contactar o coordenador desta atividade Manuel Martins (&nbsp;<a href=\"mailto:menesesmartins@gmail.com\">menesesmartins@gmail.com<\/a> ).<\/p>\n\n\n\n<p><strong>PARTICIPE!<\/strong><\/p>\n\n\n\n<p><strong>DES\u00c7A AO VENTRE DA ILHA E&#8230;INSPIRE-SE.<\/strong><\/p>\n","protected":false},"excerpt":{"rendered":"<p>A Associa\u00e7\u00e3o Os Montanheiros e o Parque Natural da Terceira,&nbsp;no seguimento das atividades art\u00edsticas que se tem desenvolvido no interior do Algar do Carv\u00e3o, convidam os artistas pl\u00e1sticos interessados para pintarem no interior deste magn\u00edfico monumento natural. A liberdade de express\u00e3o e da t\u00e9cnica \u00e9 total e esperamos que o local seja uma fonte rica [&#8230;]\n","protected":false},"author":1,"featured_media":0,"comment_status":"closed","ping_status":"closed","sticky":false,"template":"","format":"standard","meta":{"jetpack_post_was_ever_published":false,"_jetpack_newsletter_access":"","_jetpack_dont_email_post_to_subs":false,"_jetpack_newsletter_tier_id":0,"_jetpack_memberships_contains_paywalled_content":false,"_jetpack_memberships_contains_paid_content":false,"footnotes":"","jetpack_publicize_message":"","jetpack_publicize_feature_enabled":true,"jetpack_social_post_already_shared":true,"jetpack_social_options":{"image_generator_settings":{"template":"highway","default_image_id":0,"font":"","enabled":false},"version":2}},"categories":[125],"tags":[162,196],"class_list":["post-8569","post","type-post","status-publish","format-standard","hentry","category-terceira","tag-algar-do-carvao","tag-arte"],"jetpack_publicize_connections":[],"jetpack_featured_media_url":"","jetpack_sharing_enabled":true,"jetpack_shortlink":"https:\/\/wp.me\/paT0CI-2ed","_links":{"self":[{"href":"https:\/\/www.montanheiros.com\/en\/wp-json\/wp\/v2\/posts\/8569","targetHints":{"allow":["GET"]}}],"collection":[{"href":"https:\/\/www.montanheiros.com\/en\/wp-json\/wp\/v2\/posts"}],"about":[{"href":"https:\/\/www.montanheiros.com\/en\/wp-json\/wp\/v2\/types\/post"}],"author":[{"embeddable":true,"href":"https:\/\/www.montanheiros.com\/en\/wp-json\/wp\/v2\/users\/1"}],"replies":[{"embeddable":true,"href":"https:\/\/www.montanheiros.com\/en\/wp-json\/wp\/v2\/comments?post=8569"}],"version-history":[{"count":1,"href":"https:\/\/www.montanheiros.com\/en\/wp-json\/wp\/v2\/posts\/8569\/revisions"}],"predecessor-version":[{"id":8571,"href":"https:\/\/www.montanheiros.com\/en\/wp-json\/wp\/v2\/posts\/8569\/revisions\/8571"}],"wp:attachment":[{"href":"https:\/\/www.montanheiros.com\/en\/wp-json\/wp\/v2\/media?parent=8569"}],"wp:term":[{"taxonomy":"category","embeddable":true,"href":"https:\/\/www.montanheiros.com\/en\/wp-json\/wp\/v2\/categories?post=8569"},{"taxonomy":"post_tag","embeddable":true,"href":"https:\/\/www.montanheiros.com\/en\/wp-json\/wp\/v2\/tags?post=8569"}],"curies":[{"name":"wp","href":"https:\/\/api.w.org\/{rel}","templated":true}]}}