{"id":8587,"date":"2016-06-27T16:01:06","date_gmt":"2016-06-27T16:01:06","guid":{"rendered":"http:\/\/montanheiros.cecilia-designs.com\/?p=8587"},"modified":"2019-05-26T21:03:01","modified_gmt":"2019-05-26T21:03:01","slug":"performance-livre-a-solo-de-saxofone-no-algar-do-carvao","status":"publish","type":"post","link":"https:\/\/www.montanheiros.com\/en\/2016\/06\/27\/performance-livre-a-solo-de-saxofone-no-algar-do-carvao\/","title":{"rendered":"Performance livre a solo de saxofone no Algar do Carv\u00e3o \u201cEntre Grutas e Algares\u201d"},"content":{"rendered":"\n<p>No pr\u00f3ximo dia <strong>3 de julho (domingo)<\/strong>, pelas <strong>20:00h<\/strong>, ter\u00e1 lugar no Algar do Carv\u00e3o uma performance musical integrada na tour &#8221;<em>Entre Grutas e Algares<\/em>&#8221;,\n desenvolvida pelo saxofonista micaelense Luis Senra em colabora\u00e7\u00e3o com \nas grutas e algares da Regi\u00e3o Aut\u00f3noma dos A\u00e7ores. Esta atividade no \nAlgar do Carv\u00e3o \u00e9 organizada pela Associa\u00e7\u00e3o Os Montanheiros e conta com\n o apoio do Parque Natural da ilha Terceira.<\/p>\n\n\n\n<p>A arte da improvisa\u00e7\u00e3o livre num espa\u00e7o diferente e que, cada  vez mais, define a riqueza natural da nossa regi\u00e3o ser\u00e3o o mote e a base  da ideia, fundindo-se com a apresenta\u00e7\u00e3o de uma nova linguagem musical,  n\u00e3o t\u00e3o conhecida nas nossas ilhas, como \u00e9 a improvisa\u00e7\u00e3o livre e  t\u00e9cnicas n\u00e3o convencionais atrav\u00e9s do saxofone.<br> Entre Grutas e  Algares ir\u00e1 percorrer quatro das cinco cavidades l\u00e1vicas visit\u00e1veis dos  A\u00e7ores \u2013 Gruta do Carv\u00e3o, Algar do Carv\u00e3o, Furna do Enxofre e Gruta das  Torres \u2013 entre os meses de Junho e Julho levando este conceito a  diferentes ilhas servindo como evento musical, did\u00e1tico e de divulga\u00e7\u00e3o  para os referidos espa\u00e7os.<\/p>\n\n\n\n<p>O pre\u00e7o de entrada para assistir a esta performance musical \u00e9 de <strong>5 euros\/pax<\/strong> e para os <strong>s\u00f3cios da Associa\u00e7\u00e3o Os Montanheiros \u00e9 de 3 euros\/pax<\/strong>. <strong>Alertamos\n a todos os s\u00f3cios que queiram assistir a este momento musical \u00fanico, \nque se fa\u00e7am acompanhar dos seus respetivos cart\u00f5es de s\u00f3cio, com \nvinheta da quota de 2016<\/strong>. <strong>As crian\u00e7as com idade inferior a 12 anos t\u00eam entrada gratuita.<\/strong><\/p>\n\n\n\n<p>O Algar do Carv\u00e3o ir\u00e1 manter-se aberto apenas durante a realiza\u00e7\u00e3o da performance musical.<\/p>\n\n\n\n<p><strong>Assista a mais um momento musical \u00fanico, <\/strong><br><strong>no ventre da ilha!<\/strong><\/p>\n","protected":false},"excerpt":{"rendered":"<p>No pr\u00f3ximo dia 3 de julho (domingo), pelas 20:00h, ter\u00e1 lugar no Algar do Carv\u00e3o uma performance musical integrada na tour &#8221;Entre Grutas e Algares&#8221;, desenvolvida pelo saxofonista micaelense Luis Senra em colabora\u00e7\u00e3o com as grutas e algares da Regi\u00e3o Aut\u00f3noma dos A\u00e7ores. Esta atividade no Algar do Carv\u00e3o \u00e9 organizada pela Associa\u00e7\u00e3o Os Montanheiros [&#8230;]\n","protected":false},"author":1,"featured_media":0,"comment_status":"closed","ping_status":"closed","sticky":false,"template":"","format":"standard","meta":{"jetpack_post_was_ever_published":false,"_jetpack_newsletter_access":"","_jetpack_dont_email_post_to_subs":false,"_jetpack_newsletter_tier_id":0,"_jetpack_memberships_contains_paywalled_content":false,"_jetpack_memberships_contains_paid_content":false,"footnotes":"","jetpack_publicize_message":"","jetpack_publicize_feature_enabled":true,"jetpack_social_post_already_shared":true,"jetpack_social_options":{"image_generator_settings":{"template":"highway","default_image_id":0,"font":"","enabled":false},"version":2}},"categories":[125],"tags":[162,161],"class_list":["post-8587","post","type-post","status-publish","format-standard","hentry","category-terceira","tag-algar-do-carvao","tag-musica"],"jetpack_publicize_connections":[],"jetpack_featured_media_url":"","jetpack_sharing_enabled":true,"jetpack_shortlink":"https:\/\/wp.me\/paT0CI-2ev","_links":{"self":[{"href":"https:\/\/www.montanheiros.com\/en\/wp-json\/wp\/v2\/posts\/8587","targetHints":{"allow":["GET"]}}],"collection":[{"href":"https:\/\/www.montanheiros.com\/en\/wp-json\/wp\/v2\/posts"}],"about":[{"href":"https:\/\/www.montanheiros.com\/en\/wp-json\/wp\/v2\/types\/post"}],"author":[{"embeddable":true,"href":"https:\/\/www.montanheiros.com\/en\/wp-json\/wp\/v2\/users\/1"}],"replies":[{"embeddable":true,"href":"https:\/\/www.montanheiros.com\/en\/wp-json\/wp\/v2\/comments?post=8587"}],"version-history":[{"count":1,"href":"https:\/\/www.montanheiros.com\/en\/wp-json\/wp\/v2\/posts\/8587\/revisions"}],"predecessor-version":[{"id":8588,"href":"https:\/\/www.montanheiros.com\/en\/wp-json\/wp\/v2\/posts\/8587\/revisions\/8588"}],"wp:attachment":[{"href":"https:\/\/www.montanheiros.com\/en\/wp-json\/wp\/v2\/media?parent=8587"}],"wp:term":[{"taxonomy":"category","embeddable":true,"href":"https:\/\/www.montanheiros.com\/en\/wp-json\/wp\/v2\/categories?post=8587"},{"taxonomy":"post_tag","embeddable":true,"href":"https:\/\/www.montanheiros.com\/en\/wp-json\/wp\/v2\/tags?post=8587"}],"curies":[{"name":"wp","href":"https:\/\/api.w.org\/{rel}","templated":true}]}}