{"id":8634,"date":"2016-05-02T21:13:01","date_gmt":"2016-05-02T21:13:01","guid":{"rendered":"http:\/\/montanheiros.cecilia-designs.com\/?p=8634"},"modified":"2019-05-26T21:29:15","modified_gmt":"2019-05-26T21:29:15","slug":"a-associacao-os-montanheiros-marcam-presenca-numa-eurorando","status":"publish","type":"post","link":"https:\/\/www.montanheiros.com\/en\/2016\/05\/02\/a-associacao-os-montanheiros-marcam-presenca-numa-eurorando\/","title":{"rendered":"A associa\u00e7\u00e3o os Montanheiros, marcam presen\u00e7a numa Eurorando"},"content":{"rendered":"\n<div class=\"wp-block-image\"><figure class=\"alignleft is-resized\"><img loading=\"lazy\" decoding=\"async\" src=\"http:\/\/montanheiros.cecilia-designs.com\/wp-content\/uploads\/2019\/05\/big1462185846.jpg\" alt=\"\" class=\"wp-image-8635\" width=\"165\" height=\"165\" srcset=\"https:\/\/www.montanheiros.com\/wp-content\/uploads\/2019\/05\/big1462185846.jpg 300w, https:\/\/www.montanheiros.com\/wp-content\/uploads\/2019\/05\/big1462185846-280x280.jpg 280w, https:\/\/www.montanheiros.com\/wp-content\/uploads\/2019\/05\/big1462185846-100x100.jpg 100w\" sizes=\"auto, (max-width: 165px) 100vw, 165px\" \/><\/figure><\/div>\n\n\n\n<p>A Associa\u00e7\u00e3o Os Montanheiros organiza um\n programa anual de percursos pedestres abertos \u00e0 popula\u00e7\u00e3o da ilha \nTerceira desde o ano de 1988, dispondo assim de uma experi\u00eancia \nacumulada profunda e \u00fanica nesse dom\u00ednio. Sem embargo h\u00e1 sempre espa\u00e7o \npara <strong>algo de novo.<\/strong> E neste caso para <strong>algo de mais vasto<\/strong>.<\/p>\n\n\n\n<p>Pela primeira vez os <strong>A\u00e7ores<\/strong> v\u00e3o marcar presen\u00e7a numa <strong>EURORANDO, <\/strong>a iniciativa maior da federa\u00e7\u00e3o europeia <strong>ERA<\/strong>. <strong>A nossa caminhada do pr\u00f3ximo dia 8 de Maio foi inclu\u00edda no calend\u00e1rio oficial da EURORANDO 2016,<\/strong> atrav\u00e9s de uma parceria estabelecida com o <strong>CAAL <\/strong>(Lisboa).<\/p>\n\n\n\n<p>\u201cE o que \u00e9 isso de EURORANDO, CAAL e ERA?\u201d, perguntam naturalmente voc\u00eas. A <strong>European Ramblers Association<\/strong> (tamb\u00e9m conhecida pelas siglas EWV ou FERP, das suas outras l\u00ednguas oficiais), \u00e9 a <strong>federa\u00e7\u00e3o europeia<\/strong> <strong>de pedestrianismo<\/strong>.\n Congrega associa\u00e7\u00f5es de 34 pa\u00edses, que representam \u201capenas\u201d cerca de \n3,5 milh\u00f5es de praticantes filiados (\u00e9 provavelmente a maior federa\u00e7\u00e3o \ndesportiva do mundo no que toca aos escal\u00f5es et\u00e1rios mais altos\u2026). \nFunciona como um espa\u00e7o de interc\u00e2mbio de experi\u00eancias e de <em>know-how<\/em>,\n de debate de problemas e suas poss\u00edveis solu\u00e7\u00f5es e tamb\u00e9m como \ninterlocutor \u00fanico junto do poder politico europeu em mat\u00e9rias sens\u00edveis\n como o direito de acesso \u00e0 natureza, a protec\u00e7\u00e3o legal dos trilhos \npedestres, a forma\u00e7\u00e3o e acredita\u00e7\u00e3o de quadros t\u00e9cnicos, as rela\u00e7\u00f5es \nentre sa\u00fade e pr\u00e1tica desportiva, etc. Gere uma rede de 12 enormes \npercursos marcados que atravessam a Europa de l\u00e9s a l\u00e9s em todos os \nazimutes e, claro, procura juntar os praticantes do continente, quer \natrav\u00e9s da organiza\u00e7\u00e3o pontual de encontros internacionais, quer atrav\u00e9s\n de uma iniciativa peri\u00f3dica de envergadura sem par \u2013 a <strong>EURORANDO<\/strong>. Trata-se de um evento <strong>quinquenal<\/strong>\n que se divide em duas partes: um conjunto de caminhadas locais \npromovidas pelos v\u00e1rios filiados um pouco por toda a Europa, de Outubro a\n Setembro, e uma Semana Final em que um enorme n\u00famero de praticantes \ninternacionais se re\u00fane numa dada regi\u00e3o, sob a \u00e9gide de uma associa\u00e7\u00e3o \nanfitri\u00e3, numa fus\u00e3o entre desporto, conv\u00edvio e festa.<\/p>\n\n\n\n<p>Depois de uma edi\u00e7\u00e3o menos conseguida em 2011, a <strong>EURORANDO 2016<\/strong> pretende deixar para tr\u00e1s os tempos dif\u00edceis e apresenta-se com ambi\u00e7\u00e3o renovada. A fasquia est\u00e1 muito alta: objectivo de <strong>mais de 500 caminhadas<\/strong> durante o ano, para um total de <strong>mais de 100.000 participantes<\/strong>! A semana final est\u00e1 a cargo da associa\u00e7\u00e3o sueca <strong>STF<\/strong>. Foi dimensionada para <strong>5 a<\/strong><strong> 7 mil visitantes<\/strong> e decorre <strong>de 10 a 17 de Setembro <\/strong>na <strong>Scania<\/strong>, a pen\u00ednsula do extremo sul do pa\u00eds. Ser\u00e3o seis dias de caminhadas guiadas, escolhidas a gosto a partir de uma oferta de <strong>82 percursos di\u00e1rios poss\u00edveis<\/strong> (!), num raio de 100 km com centro na cidade de <strong>Helsinborg <\/strong>(para saber mais ver <a href=\"http:\/\/www.eurorando2016.com\/\">www.eurorando2016.com<\/a> ).<\/p>\n\n\n\n<p><strong>O CAAL \u2013 Clube de Actividades de Ar Livre &#8211; \u00e9 o mais antigo filiado portugu\u00eas da ERA<\/strong>\n e a associa\u00e7\u00e3o pioneira do pedestrianismo em Portugal (enquanto \nactividade desportiva aut\u00f3noma de outras bem mais remotas, como o \nmontanhismo, o \u201ccampismo\u201d do tempo dos nossos bisav\u00f3s ou a \nespeleologia). \u00c9 o organizador da <strong>Marcha dos Fortes<\/strong> \u2013 a maior iniciativa regular da modalidade a n\u00edvel nacional &#8211; cuja mais recente edi\u00e7\u00e3o foi tamb\u00e9m a primeira caminhada da <strong>EURORANDO 2016<\/strong>\n em Portugal. Interveniente activo nas delibera\u00e7\u00f5es e iniciativas da \nERA, o CAAL \u00e9, at\u00e9 prova em contr\u00e1rio, o \u00fanico filiado portugu\u00eas \nenvolvido no evento deste ano, com v\u00e1rios percursos confirmados na \nregi\u00e3o de Lisboa. Foi tamb\u00e9m a \u00fanica entidade nacional presente no \npassado dia 27 de Setembro em Hr\u010dava, o remoto ponto triplo entre a \nEslov\u00e1quia, a Pol\u00f3nia e a Rep\u00fablica Checa, juntamente com representantes\n dos <em>ramblers <\/em>de mais 12 pa\u00edses europeus, na simb\u00f3lica caminhada inaugural da <strong>EURORANDO 2016<\/strong>.\n E, claro, vai estar em for\u00e7a na semana final da Su\u00e9cia. Um protocolo \nassinado entre as duas institui\u00e7\u00f5es possibilita aos s\u00f3cios da Associa\u00e7\u00e3o\n Os Montanheiros participar nas actividades organizadas pelo CAAL. <strong>Algu\u00e9m quer vir?&#8230;<\/strong><\/p>\n\n\n\n<p>Dia 8 vamos fazer parte de uma casa maior.<strong>Dia 8 estamos na EURORANDO!<\/strong><\/p>\n\n\n\n<p>Paulo Jos\u00e9 Mendes Barcelos\u00a0 \u00a0\u00a0\u00a0\u00a0\u00a0\u00a0\u00a0\u00a0\u00a0\u00a0\u00a0\u00a0\u00a0\u00a0\u00a0\u00a0\u00a0\u00a0\u00a0\u00a0\u00a0\u00a0\u00a0 Jos\u00e9 Gabriel Silveira e Paulo<\/p>\n\n\n\n<p><strong>Associa\u00e7\u00e3o Os Montanheiros<\/strong>\u00a0\u00a0\u00a0\u00a0 \u00a0\u00a0\u00a0\u00a0\u00a0\u00a0 Delegado do <strong>CAAL<\/strong> junto da <strong>ERA<\/strong><\/p>\n\n\n\n<table class=\"wp-block-table\"><tbody><tr><td>\n7.5.2016\n<\/td><td>\nSerbia\n<\/td><td>\nBesnjaja\n<\/td><\/tr><tr><td>\n7.5.2016\n<\/td><td>\nCzech Republic\n<\/td><td>\nK\u0159inice\n<\/td><\/tr><tr><td>\n8.5.2016\n<\/td><td>\nSweden\n<\/td><td>\nArild\n<\/td><\/tr><tr><td>\n<strong>8.5.2016<\/strong>\n<\/td><td>\n<strong>Portugal<\/strong>\n<\/td><td>\n<strong>Terceira Island, Azores<\/strong>\n<\/td><\/tr><tr><td>\n8.5.2016\n<\/td><td>\nSpain\n<\/td><td>\nVigo\n<\/td><\/tr><tr><td>\n8.5.2016\n<\/td><td>\nSlovakia\n<\/td><td>\nTvrdo\u0161\u00edn\n<\/td><\/tr><tr><td>\n8.5.2016\n<\/td><td>\nMalta\n<\/td><td>\nBahar ic-Caghaq\n<\/td><\/tr><tr><td>\n8.5.2016\n<\/td><td>\nSweden\n<\/td><td>\nSnogeholm\n<\/td><\/tr><tr><td>\n10.5.2016\n<\/td><td>\nGermany\n<\/td><td>\nHamburg\n<\/td><\/tr><tr><td>\n12.5.2016\n<\/td><td>\nDenmark\n<\/td><td>\nUlfborg\n<\/td><\/tr><\/tbody><\/table>\n\n\n\n<p>Para ficar a par desta iniciativa, clique em: (<a href=\"http:\/\/www.era-ewv-ferp.com\/events\/eurorando-2016\/eurorando-walks\/\">http:\/\/www.era-ewv-ferp.com\/events\/eurorando-2016\/eurorando-walks\/<\/a>)<\/p>\n","protected":false},"excerpt":{"rendered":"<p>A Associa\u00e7\u00e3o Os Montanheiros organiza um programa anual de percursos pedestres abertos \u00e0 popula\u00e7\u00e3o da ilha Terceira desde o ano de 1988, dispondo assim de uma experi\u00eancia acumulada profunda e \u00fanica nesse dom\u00ednio. Sem embargo h\u00e1 sempre espa\u00e7o para algo de novo. E neste caso para algo de mais vasto. Pela primeira vez os A\u00e7ores [&#8230;]\n","protected":false},"author":1,"featured_media":0,"comment_status":"closed","ping_status":"closed","sticky":false,"template":"","format":"standard","meta":{"jetpack_post_was_ever_published":false,"_jetpack_newsletter_access":"","_jetpack_dont_email_post_to_subs":false,"_jetpack_newsletter_tier_id":0,"_jetpack_memberships_contains_paywalled_content":false,"_jetpack_memberships_contains_paid_content":false,"footnotes":"","jetpack_publicize_message":"","jetpack_publicize_feature_enabled":true,"jetpack_social_post_already_shared":true,"jetpack_social_options":{"image_generator_settings":{"template":"highway","default_image_id":0,"font":"","enabled":false},"version":2}},"categories":[129],"tags":[211],"class_list":["post-8634","post","type-post","status-publish","format-standard","hentry","category-montanheiros","tag-eurorando"],"jetpack_publicize_connections":[],"jetpack_featured_media_url":"","jetpack_sharing_enabled":true,"jetpack_shortlink":"https:\/\/wp.me\/paT0CI-2fg","_links":{"self":[{"href":"https:\/\/www.montanheiros.com\/en\/wp-json\/wp\/v2\/posts\/8634","targetHints":{"allow":["GET"]}}],"collection":[{"href":"https:\/\/www.montanheiros.com\/en\/wp-json\/wp\/v2\/posts"}],"about":[{"href":"https:\/\/www.montanheiros.com\/en\/wp-json\/wp\/v2\/types\/post"}],"author":[{"embeddable":true,"href":"https:\/\/www.montanheiros.com\/en\/wp-json\/wp\/v2\/users\/1"}],"replies":[{"embeddable":true,"href":"https:\/\/www.montanheiros.com\/en\/wp-json\/wp\/v2\/comments?post=8634"}],"version-history":[{"count":1,"href":"https:\/\/www.montanheiros.com\/en\/wp-json\/wp\/v2\/posts\/8634\/revisions"}],"predecessor-version":[{"id":8636,"href":"https:\/\/www.montanheiros.com\/en\/wp-json\/wp\/v2\/posts\/8634\/revisions\/8636"}],"wp:attachment":[{"href":"https:\/\/www.montanheiros.com\/en\/wp-json\/wp\/v2\/media?parent=8634"}],"wp:term":[{"taxonomy":"category","embeddable":true,"href":"https:\/\/www.montanheiros.com\/en\/wp-json\/wp\/v2\/categories?post=8634"},{"taxonomy":"post_tag","embeddable":true,"href":"https:\/\/www.montanheiros.com\/en\/wp-json\/wp\/v2\/tags?post=8634"}],"curies":[{"name":"wp","href":"https:\/\/api.w.org\/{rel}","templated":true}]}}