{"id":8711,"date":"2015-11-23T10:49:24","date_gmt":"2015-11-23T10:49:24","guid":{"rendered":"http:\/\/montanheiros.cecilia-designs.com\/?p=8711"},"modified":"2019-05-27T11:13:55","modified_gmt":"2019-05-27T11:13:55","slug":"reinventar-os-residuos-concurso-de-expressao-plastica","status":"publish","type":"post","link":"https:\/\/www.montanheiros.com\/en\/2015\/11\/23\/reinventar-os-residuos-concurso-de-expressao-plastica\/","title":{"rendered":"Reinventar os res\u00edduos - concurso de express\u00e3o pl\u00e1stica"},"content":{"rendered":"\n<p>Como \u00e9 do conhecimento p\u00fablico, a Secretaria Regional da Agricultura e\n Ambiente, atrav\u00e9s da Dire\u00e7\u00e3o Regional do Ambiente, promove, entre&nbsp;21 e \n29 de novembro de 2015, a realiza\u00e7\u00e3o da&nbsp;6.\u00aa Semana dos Res\u00edduos dos \nA\u00e7ores, inserida na 7.\u00aa Semana Europeia da Preven\u00e7\u00e3o de Res\u00edduos, com o \nobjetivo de envolver, em todas as ilhas, a\u00e7\u00f5es organizadas \nvoluntariamente por entidades p\u00fablicas e privadas.<\/p>\n\n\n\n<p>Deste modo, umas das a\u00e7\u00f5es promovidas diretamente pela Dire\u00e7\u00e3o \nRegional do Ambiente, atrav\u00e9s dos Parques Naturais dos A\u00e7ores, em \narticula\u00e7\u00e3o com a AZORINA, S.A., \u00e9 um concurso de express\u00e3o pl\u00e1stica \ndirigido a todos os estabelecimentos de ensino do arquip\u00e9lago, ao n\u00edvel \npr\u00e9-escolar (salas dos 5 anos),designado de <strong>Reinventar os Res\u00edduos<\/strong>.<\/p>\n\n\n\n<p>O concurso \u00e9 composto por tr\u00eas tem\u00e1ticas:<\/p>\n\n\n\n<p>a)&nbsp;&nbsp;&nbsp;&nbsp;&nbsp; <strong>Reduz, Reutiliza e Recicla!<\/strong> \u2013 \u00c9 a tem\u00e1tica \nmais abrangente do concurso, em que se pretende que os trabalhos \nrealizados abordem uma ou mais pol\u00edticas dos tr\u00eas R\u2019s. Estes trabalhos \nser\u00e3o inclu\u00eddos num calend\u00e1rio de 2016 a editar;<\/p>\n\n\n\n<p>b)&nbsp;&nbsp;&nbsp;&nbsp;&nbsp; <strong>Saco de pl\u00e1stico, aqui n\u00e3o!<\/strong> \u2013 Os trabalhos \nrealizados no \u00e2mbito desta tem\u00e1tica concorrem para serem utilizados em \ncampanhas de sensibiliza\u00e7\u00e3o para a redu\u00e7\u00e3o do consumo de sacos de \npl\u00e1stico;<\/p>\n\n\n\n<p>c)&nbsp;&nbsp;&nbsp;&nbsp;&nbsp;&nbsp; <strong>Produz menos, Recicla mais!<\/strong> \u2013 Os trabalhos \nque abordarem esta tem\u00e1tica dever\u00e3o exemplificar formas de reduzir o \nconsumo de res\u00edduos. Estes trabalhos ser\u00e3o inclu\u00eddos num calend\u00e1rio de \n2016 a editar.<\/p>\n\n\n\n<p>Pretende-se que as crian\u00e7as escolham qual a tem\u00e1tica que querem \ntrabalhar e que utilizem t\u00e9cnicas de express\u00e3o pl\u00e1stica no seu trabalho,\n nomeadamente desenho, pintura, recortes e colagens.<\/p>\n\n\n\n<p>Os trabalhos dever\u00e3o ser enviados at\u00e9 <strong>30 de novembro<\/strong>, para o endere\u00e7o eletr\u00f3nico <a href=\"mailto:reinventarosresiduos@azores.gov.pt\">reinventarosresiduos@azores.gov.pt<\/a>.<\/p>\n\n\n\n<p>Foicriado um microsite espec\u00edfico para o concurso: <a href=\"http:\/\/parquesnaturais.wix.com\/reinventarosresiduos\">http:\/\/parquesnaturais.wix.com\/reinventarosresiduos<\/a>. Neste consta o regulamento, a folha para o desenho, dicas e recursos para os professores acederem e consultarem.<\/p>\n\n\n\n<p>Em caso de d\u00favidas, poder\u00e1 contactar diretamente da Ecoteca da sua ilha, atrav\u00e9s dos contactos <a href=\"mailto:pnterceira.ecoteca@azores.gov.pt\">pnterceira.ecoteca@azores.gov.pt<\/a> ou 295 403 800.<\/p>\n","protected":false},"excerpt":{"rendered":"<p>Como \u00e9 do conhecimento p\u00fablico, a Secretaria Regional da Agricultura e Ambiente, atrav\u00e9s da Dire\u00e7\u00e3o Regional do Ambiente, promove, entre&nbsp;21 e 29 de novembro de 2015, a realiza\u00e7\u00e3o da&nbsp;6.\u00aa Semana dos Res\u00edduos dos A\u00e7ores, inserida na 7.\u00aa Semana Europeia da Preven\u00e7\u00e3o de Res\u00edduos, com o objetivo de envolver, em todas as ilhas, a\u00e7\u00f5es organizadas voluntariamente [&#8230;]\n","protected":false},"author":1,"featured_media":0,"comment_status":"closed","ping_status":"closed","sticky":false,"template":"","format":"standard","meta":{"jetpack_post_was_ever_published":false,"_jetpack_newsletter_access":"","_jetpack_dont_email_post_to_subs":false,"_jetpack_newsletter_tier_id":0,"_jetpack_memberships_contains_paywalled_content":false,"_jetpack_memberships_contains_paid_content":false,"footnotes":"","jetpack_publicize_message":"","jetpack_publicize_feature_enabled":true,"jetpack_social_post_already_shared":true,"jetpack_social_options":{"image_generator_settings":{"template":"highway","default_image_id":0,"font":"","enabled":false},"version":2}},"categories":[1],"tags":[220],"class_list":["post-8711","post","type-post","status-publish","format-standard","hentry","category-sem-categoria","tag-residuos"],"jetpack_publicize_connections":[],"jetpack_featured_media_url":"","jetpack_sharing_enabled":true,"jetpack_shortlink":"https:\/\/wp.me\/paT0CI-2gv","_links":{"self":[{"href":"https:\/\/www.montanheiros.com\/en\/wp-json\/wp\/v2\/posts\/8711","targetHints":{"allow":["GET"]}}],"collection":[{"href":"https:\/\/www.montanheiros.com\/en\/wp-json\/wp\/v2\/posts"}],"about":[{"href":"https:\/\/www.montanheiros.com\/en\/wp-json\/wp\/v2\/types\/post"}],"author":[{"embeddable":true,"href":"https:\/\/www.montanheiros.com\/en\/wp-json\/wp\/v2\/users\/1"}],"replies":[{"embeddable":true,"href":"https:\/\/www.montanheiros.com\/en\/wp-json\/wp\/v2\/comments?post=8711"}],"version-history":[{"count":1,"href":"https:\/\/www.montanheiros.com\/en\/wp-json\/wp\/v2\/posts\/8711\/revisions"}],"predecessor-version":[{"id":8712,"href":"https:\/\/www.montanheiros.com\/en\/wp-json\/wp\/v2\/posts\/8711\/revisions\/8712"}],"wp:attachment":[{"href":"https:\/\/www.montanheiros.com\/en\/wp-json\/wp\/v2\/media?parent=8711"}],"wp:term":[{"taxonomy":"category","embeddable":true,"href":"https:\/\/www.montanheiros.com\/en\/wp-json\/wp\/v2\/categories?post=8711"},{"taxonomy":"post_tag","embeddable":true,"href":"https:\/\/www.montanheiros.com\/en\/wp-json\/wp\/v2\/tags?post=8711"}],"curies":[{"name":"wp","href":"https:\/\/api.w.org\/{rel}","templated":true}]}}