{"id":8779,"date":"2015-08-20T11:46:04","date_gmt":"2015-08-20T11:46:04","guid":{"rendered":"http:\/\/montanheiros.cecilia-designs.com\/?p=8779"},"modified":"2019-05-27T12:44:34","modified_gmt":"2019-05-27T12:44:34","slug":"comunicado-vias-de-escalada-em-arribas-costeiras-apresentam-perigo","status":"publish","type":"post","link":"https:\/\/www.montanheiros.com\/en\/2015\/08\/20\/comunicado-vias-de-escalada-em-arribas-costeiras-apresentam-perigo\/","title":{"rendered":"Comunicado: vias de escalada em arribas costeiras apresentam perigo"},"content":{"rendered":"\n<div class=\"wp-block-image\"><figure class=\"alignleft is-resized\"><img loading=\"lazy\" decoding=\"async\" src=\"http:\/\/montanheiros.cecilia-designs.com\/wp-content\/uploads\/2019\/05\/big1440080187.jpg\" alt=\"\" class=\"wp-image-8780\" width=\"365\" height=\"365\" srcset=\"https:\/\/www.montanheiros.com\/wp-content\/uploads\/2019\/05\/big1440080187.jpg 768w, https:\/\/www.montanheiros.com\/wp-content\/uploads\/2019\/05\/big1440080187-280x280.jpg 280w, https:\/\/www.montanheiros.com\/wp-content\/uploads\/2019\/05\/big1440080187-400x400.jpg 400w, https:\/\/www.montanheiros.com\/wp-content\/uploads\/2019\/05\/big1440080187-300x300.jpg 300w, https:\/\/www.montanheiros.com\/wp-content\/uploads\/2019\/05\/big1440080187-500x500.jpg 500w, https:\/\/www.montanheiros.com\/wp-content\/uploads\/2019\/05\/big1440080187-100x100.jpg 100w\" sizes=\"auto, (max-width: 365px) 100vw, 365px\" \/><\/figure><\/div>\n\n\n\n<p>A Associa\u00e7\u00e3o Os Montanheiros equipou em 2008 diversas zonas de \nescalada nas ilhas Terceira, S. Jorge e Pico, resultando em algumas \npublica\u00e7\u00f5es de guias de escalada. Previa-se na altura uma vida \u00fatil para\n o equipamento, nomeadamente para as buchas em a\u00e7o inox, de 10 a 15 \nanos, de acordo com indica\u00e7\u00e3o do fabricante.<\/p>\n\n\n\n<p>Verificou-se agora que as vias equipadas nas zonas costeiras sofreram\n um desgastemuito superior ao previsto, potenciado pela combina\u00e7\u00e3o de \nvari\u00e1veis ambientais como o tipo de rocha, os \u00edndices de humidade e a \nextrema salinidade, que aceleraram o processo de degrada\u00e7\u00e3o, tornando \nneste momento perigosa a pr\u00e1tica da escalada nestas vias junto ao mar. \nTendo sido encontrada j\u00e1 uma solu\u00e7\u00e3o mais duradoura, \u00e9 vontade da \nAssocia\u00e7\u00e3o Os Montanheiros, em breve e logo que surjam apoios nesse \nsentido, fazer a devida manuten\u00e7\u00e3o\/substitui\u00e7\u00e3o dos equipamentos destas \nvias, que ao longo dos \u00faltimos anos se mostraram prop\u00edcias e procuradas \npara a pr\u00e1tica desta modalidade.<\/p>\n\n\n\n<p>At\u00e9 que tal aconte\u00e7a, e tendo em conta o risco que implica, a \nAssocia\u00e7\u00e3o Os Montanheiros vem por este meio alertar que as vias de \nescalada montadas na <strong>Chanoca<\/strong> (ilha Terceira), <strong>Urzelina<\/strong> e <strong>Faj\u00e3 do Ouvidor<\/strong> (ilha de S. Jorge), <strong>Calheta de Nesquim<\/strong> e <strong>Cachorro<\/strong> (ilha do Pico) <strong>N\u00c3O DEVEM SER UTILIZADAS. <\/strong>Existem\n outras vias de escalada, tamb\u00e9m j\u00e1 muito conhecidas, mas que n\u00e3o se \nencontram identificadas nos guias publicados, que tamb\u00e9m n\u00e3o devem \nutilizadas, nomeadamente nos<strong> Biscoitos<\/strong> (ilha Terceira),<strong> Ba\u00eda de Canas<\/strong> (ilha do Pico) e na<strong> Cria\u00e7\u00e3o Velha <\/strong>(ilha do Pico).<\/p>\n\n\n\n<p>Podem no entanto continuar a utilizar aquelas que n\u00e3o tenham sido montadas na arriba costeira.<\/p>\n\n\n\n<p>20 de agosto de 2015<\/p>\n\n\n\n<p>A Associa\u00e7\u00e3o os Montanheiros<\/p>\n","protected":false},"excerpt":{"rendered":"<p>A Associa\u00e7\u00e3o Os Montanheiros equipou em 2008 diversas zonas de escalada nas ilhas Terceira, S. Jorge e Pico, resultando em algumas publica\u00e7\u00f5es de guias de escalada. Previa-se na altura uma vida \u00fatil para o equipamento, nomeadamente para as buchas em a\u00e7o inox, de 10 a 15 anos, de acordo com indica\u00e7\u00e3o do fabricante. Verificou-se agora [&#8230;]\n","protected":false},"author":1,"featured_media":0,"comment_status":"closed","ping_status":"closed","sticky":false,"template":"","format":"standard","meta":{"jetpack_post_was_ever_published":false,"_jetpack_newsletter_access":"","_jetpack_dont_email_post_to_subs":false,"_jetpack_newsletter_tier_id":0,"_jetpack_memberships_contains_paywalled_content":false,"_jetpack_memberships_contains_paid_content":false,"footnotes":"","jetpack_publicize_message":"","jetpack_publicize_feature_enabled":true,"jetpack_social_post_already_shared":true,"jetpack_social_options":{"image_generator_settings":{"template":"highway","default_image_id":0,"font":"","enabled":false},"version":2}},"categories":[124,115,125],"tags":[117],"class_list":["post-8779","post","type-post","status-publish","format-standard","hentry","category-sjorge","category-pico","category-terceira","tag-escalada"],"jetpack_publicize_connections":[],"jetpack_featured_media_url":"","jetpack_sharing_enabled":true,"jetpack_shortlink":"https:\/\/wp.me\/paT0CI-2hB","_links":{"self":[{"href":"https:\/\/www.montanheiros.com\/en\/wp-json\/wp\/v2\/posts\/8779","targetHints":{"allow":["GET"]}}],"collection":[{"href":"https:\/\/www.montanheiros.com\/en\/wp-json\/wp\/v2\/posts"}],"about":[{"href":"https:\/\/www.montanheiros.com\/en\/wp-json\/wp\/v2\/types\/post"}],"author":[{"embeddable":true,"href":"https:\/\/www.montanheiros.com\/en\/wp-json\/wp\/v2\/users\/1"}],"replies":[{"embeddable":true,"href":"https:\/\/www.montanheiros.com\/en\/wp-json\/wp\/v2\/comments?post=8779"}],"version-history":[{"count":1,"href":"https:\/\/www.montanheiros.com\/en\/wp-json\/wp\/v2\/posts\/8779\/revisions"}],"predecessor-version":[{"id":8781,"href":"https:\/\/www.montanheiros.com\/en\/wp-json\/wp\/v2\/posts\/8779\/revisions\/8781"}],"wp:attachment":[{"href":"https:\/\/www.montanheiros.com\/en\/wp-json\/wp\/v2\/media?parent=8779"}],"wp:term":[{"taxonomy":"category","embeddable":true,"href":"https:\/\/www.montanheiros.com\/en\/wp-json\/wp\/v2\/categories?post=8779"},{"taxonomy":"post_tag","embeddable":true,"href":"https:\/\/www.montanheiros.com\/en\/wp-json\/wp\/v2\/tags?post=8779"}],"curies":[{"name":"wp","href":"https:\/\/api.w.org\/{rel}","templated":true}]}}