{"id":8846,"date":"2015-06-16T13:31:00","date_gmt":"2015-06-16T13:31:00","guid":{"rendered":"http:\/\/montanheiros.cecilia-designs.com\/?p=8846"},"modified":"2019-05-27T13:38:50","modified_gmt":"2019-05-27T13:38:50","slug":"prova-de-orientacao-urbana-orienturbe-2015-21-junho","status":"publish","type":"post","link":"https:\/\/www.montanheiros.com\/en\/2015\/06\/16\/prova-de-orientacao-urbana-orienturbe-2015-21-junho\/","title":{"rendered":"Prova de orienta\u00e7\u00e3o urbana \u201cOrienturbe 2015\u201d - 21 junho"},"content":{"rendered":"\n<figure class=\"wp-block-image\"><img loading=\"lazy\" decoding=\"async\" width=\"1024\" height=\"680\" src=\"http:\/\/montanheiros.cecilia-designs.com\/wp-content\/uploads\/2019\/05\/big1434535439.jpg\" alt=\"\" class=\"wp-image-8847\" srcset=\"https:\/\/www.montanheiros.com\/wp-content\/uploads\/2019\/05\/big1434535439.jpg 1024w, https:\/\/www.montanheiros.com\/wp-content\/uploads\/2019\/05\/big1434535439-602x400.jpg 602w, https:\/\/www.montanheiros.com\/wp-content\/uploads\/2019\/05\/big1434535439-768x510.jpg 768w, https:\/\/www.montanheiros.com\/wp-content\/uploads\/2019\/05\/big1434535439-500x332.jpg 500w\" sizes=\"auto, (max-width: 1024px) 100vw, 1024px\" \/><\/figure>\n\n\n\n<p>No pr\u00f3ximo domingo, dia <strong>21 de junho<\/strong> ter\u00e1 lugar a prova de orienta\u00e7\u00e3o urbana \u201c<em>OrientUrbe<\/em>\u201d, organizada pela Associa\u00e7\u00e3o Os Montanheiros e que conta com o apoio da C\u00e2mara Municipal de Angra do Hero\u00edsmo.<\/p>\n\n\n\n<p><strong>14:00h<\/strong> \u2013 Concentra\u00e7\u00e3o na Sede da Associa\u00e7\u00e3o Os Montanheiros<\/p>\n\n\n\n<p><strong>14:00h-14:30h<\/strong> \u2013 Inscri\u00e7\u00f5es\/Briefing<\/p>\n\n\n\n<p><strong>15:00h<\/strong> \u2013 Inicio da prova \u201c<em>OrientUrbe<\/em>\u201d<\/p>\n\n\n\n<p>As inscri\u00e7\u00f5es ter\u00e3o duas modalidades, EQUIPAS (com o m\u00ednimo de 3 elementos) e SINGULARES.<\/p>\n\n\n\n<p>Recomenda-se cal\u00e7ado confort\u00e1vel e roupa adequada&nbsp;para este tipo de atividade.&nbsp;<\/p>\n\n\n\n<p>Os vencedores ser\u00e3o premiados e posteriormente receber\u00e3o pr\u00e9mio, \ndurante as celebra\u00e7\u00f5es do 52\u00ba anivers\u00e1rio da Associa\u00e7\u00e3o Os Montanheiros.<\/p>\n\n\n\n<p><strong>A CIDADE EST\u00c1 EM FESTA.<\/strong><\/p>\n\n\n\n<p><strong>PARTICIPE&#8230;.ORIENTE-SE!<\/strong><\/p>\n","protected":false},"excerpt":{"rendered":"<p>No pr\u00f3ximo domingo, dia 21 de junho ter\u00e1 lugar a prova de orienta\u00e7\u00e3o urbana \u201cOrientUrbe\u201d, organizada pela Associa\u00e7\u00e3o Os Montanheiros e que conta com o apoio da C\u00e2mara Municipal de Angra do Hero\u00edsmo. 14:00h \u2013 Concentra\u00e7\u00e3o na Sede da Associa\u00e7\u00e3o Os Montanheiros 14:00h-14:30h \u2013 Inscri\u00e7\u00f5es\/Briefing 15:00h \u2013 Inicio da prova \u201cOrientUrbe\u201d As inscri\u00e7\u00f5es ter\u00e3o duas [&#8230;]\n","protected":false},"author":1,"featured_media":0,"comment_status":"closed","ping_status":"closed","sticky":false,"template":"","format":"standard","meta":{"jetpack_post_was_ever_published":false,"_jetpack_newsletter_access":"","_jetpack_dont_email_post_to_subs":false,"_jetpack_newsletter_tier_id":0,"_jetpack_memberships_contains_paywalled_content":false,"_jetpack_memberships_contains_paid_content":false,"footnotes":"","jetpack_publicize_message":"","jetpack_publicize_feature_enabled":true,"jetpack_social_post_already_shared":true,"jetpack_social_options":{"image_generator_settings":{"template":"highway","default_image_id":0,"font":"","enabled":false},"version":2}},"categories":[125],"tags":[134,243],"class_list":["post-8846","post","type-post","status-publish","format-standard","hentry","category-terceira","tag-orientacao","tag-orienturbe"],"jetpack_publicize_connections":[],"jetpack_featured_media_url":"","jetpack_sharing_enabled":true,"jetpack_shortlink":"https:\/\/wp.me\/paT0CI-2iG","_links":{"self":[{"href":"https:\/\/www.montanheiros.com\/en\/wp-json\/wp\/v2\/posts\/8846","targetHints":{"allow":["GET"]}}],"collection":[{"href":"https:\/\/www.montanheiros.com\/en\/wp-json\/wp\/v2\/posts"}],"about":[{"href":"https:\/\/www.montanheiros.com\/en\/wp-json\/wp\/v2\/types\/post"}],"author":[{"embeddable":true,"href":"https:\/\/www.montanheiros.com\/en\/wp-json\/wp\/v2\/users\/1"}],"replies":[{"embeddable":true,"href":"https:\/\/www.montanheiros.com\/en\/wp-json\/wp\/v2\/comments?post=8846"}],"version-history":[{"count":1,"href":"https:\/\/www.montanheiros.com\/en\/wp-json\/wp\/v2\/posts\/8846\/revisions"}],"predecessor-version":[{"id":8848,"href":"https:\/\/www.montanheiros.com\/en\/wp-json\/wp\/v2\/posts\/8846\/revisions\/8848"}],"wp:attachment":[{"href":"https:\/\/www.montanheiros.com\/en\/wp-json\/wp\/v2\/media?parent=8846"}],"wp:term":[{"taxonomy":"category","embeddable":true,"href":"https:\/\/www.montanheiros.com\/en\/wp-json\/wp\/v2\/categories?post=8846"},{"taxonomy":"post_tag","embeddable":true,"href":"https:\/\/www.montanheiros.com\/en\/wp-json\/wp\/v2\/tags?post=8846"}],"curies":[{"name":"wp","href":"https:\/\/api.w.org\/{rel}","templated":true}]}}