{"id":8852,"date":"2015-06-04T13:33:25","date_gmt":"2015-06-04T13:33:25","guid":{"rendered":"http:\/\/montanheiros.cecilia-designs.com\/?p=8852"},"modified":"2019-05-27T13:39:52","modified_gmt":"2019-05-27T13:39:52","slug":"turismo-dos-acores-organiza-workshops","status":"publish","type":"post","link":"https:\/\/www.montanheiros.com\/en\/2015\/06\/04\/turismo-dos-acores-organiza-workshops\/","title":{"rendered":"Turismo dos A\u00e7ores organiza workshops participativos na Terceira e em S. Miguel, para elabora\u00e7\u00e3o de estrat\u00e9gia de turismo ornitol\u00f3gico para os A\u00e7ores"},"content":{"rendered":"\n<figure class=\"wp-block-image\"><img loading=\"lazy\" decoding=\"async\" width=\"844\" height=\"352\" src=\"http:\/\/montanheiros.cecilia-designs.com\/wp-content\/uploads\/2019\/05\/big1433409239.jpg\" alt=\"\" class=\"wp-image-8853\" srcset=\"https:\/\/www.montanheiros.com\/wp-content\/uploads\/2019\/05\/big1433409239.jpg 844w, https:\/\/www.montanheiros.com\/wp-content\/uploads\/2019\/05\/big1433409239-800x334.jpg 800w, https:\/\/www.montanheiros.com\/wp-content\/uploads\/2019\/05\/big1433409239-768x320.jpg 768w, https:\/\/www.montanheiros.com\/wp-content\/uploads\/2019\/05\/big1433409239-500x209.jpg 500w\" sizes=\"auto, (max-width: 844px) 100vw, 844px\" \/><\/figure>\n\n\n\n<p>No \u00e2mbito do projeto MACAROAVES, o Turismo dos A\u00e7ores est\u00e1 a organizar <strong>Workshops participativos para elabora\u00e7\u00e3o de uma estrat\u00e9gia de Turismo Ornitol\u00f3gico para os A\u00e7ores<\/strong> que ir\u00e3o decorrer nos dias <strong>11 de junho, na ilha Terceira<\/strong> e a <strong>12 junho na ilha de S. Miguel<\/strong>.\n O Turismo dos A\u00e7ores t\u00eam como parceiros a MacaroAves, o SEOBirdLife, a \nSPEA, a Biosfera e conta com o apoio da Associa\u00e7\u00e3o Os Montanheiros e o \nHotel Ponta Delgada e com o finaciamento da MAC2007-2013 e FEDER. <strong>Na ilha Terceira o workshop ter\u00e1 lugar na Sede da Associa\u00e7\u00e3o Os Montanheiros<\/strong>.<\/p>\n\n\n\n<p>Com estes workshops pretende-se informar, debater e recolher as \nopini\u00f5es dos participantes para elabora\u00e7\u00e3o da referida estrat\u00e9gia. Para o\n efeito, ser\u00e3o moderados com base em metodologias e processos \nparticipativos por Ursula Caser e Lia Vasconcelos.<\/p>\n\n\n\n<p>As inscri\u00e7\u00f5es devem ser realizadas at\u00e9 ao dia <strong>9 de junho<\/strong> e para o fazer basta clicar no documento que se encontra em &#8220;DOCUMENTA\u00c7\u00c3O&#8221;.<\/p>\n\n\n\n<p>Para mais informa\u00e7\u00f5es dever\u00e1 contatar a organiza\u00e7\u00e3o atrav\u00e9s do <strong>295216480<\/strong>.<\/p>\n\n\n\n<p><strong>PROGRAMA<\/strong><\/p>\n\n\n\n<p>9:00h &#8211; 09:30h &#8211; Abertura e recep\u00e7\u00e3o dos participantes<\/p>\n\n\n\n<p>09:30h &#8211; 10:30h &#8211; Sess\u00e3o informativa com palestras sobre Turismo Ornitol\u00f3gico nos A\u00e7ores<\/p>\n\n\n\n<p>10:30h &#8211; 10:45h &#8211; Pausa para caf\u00e9<\/p>\n\n\n\n<p>10:45h &#8211; 11.00h &#8211; Processos participativos e Apresenta\u00e7\u00e3o dos Trabalhos a Desenvolver<\/p>\n\n\n\n<p>11:00h &#8211; 12:30h &#8211; Sess\u00e3o de trabalho 1<\/p>\n\n\n\n<p>12:30h &#8211; 14:00h &#8211; Pausa para almo\u00e7o<\/p>\n\n\n\n<p>14:00h &#8211; 15:30h &#8211; Sess\u00e3o de trabalho 2<\/p>\n\n\n\n<p>15:30h &#8211; 15:45h &#8211; Pausa para caf\u00e9<\/p>\n\n\n\n<p>15:45h &#8211; 16:30h &#8211; Sess\u00e3o de trabalho 3<\/p>\n\n\n\n<p>16:30h &#8211; 16:45h &#8211; Encerramento<\/p>\n","protected":false},"excerpt":{"rendered":"<p>No \u00e2mbito do projeto MACAROAVES, o Turismo dos A\u00e7ores est\u00e1 a organizar Workshops participativos para elabora\u00e7\u00e3o de uma estrat\u00e9gia de Turismo Ornitol\u00f3gico para os A\u00e7ores que ir\u00e3o decorrer nos dias 11 de junho, na ilha Terceira e a 12 junho na ilha de S. Miguel. O Turismo dos A\u00e7ores t\u00eam como parceiros a MacaroAves, o [&#8230;]\n","protected":false},"author":1,"featured_media":0,"comment_status":"closed","ping_status":"closed","sticky":false,"template":"","format":"standard","meta":{"jetpack_post_was_ever_published":false,"_jetpack_newsletter_access":"","_jetpack_dont_email_post_to_subs":false,"_jetpack_newsletter_tier_id":0,"_jetpack_memberships_contains_paywalled_content":false,"_jetpack_memberships_contains_paid_content":false,"footnotes":"","jetpack_publicize_message":"","jetpack_publicize_feature_enabled":true,"jetpack_social_post_already_shared":true,"jetpack_social_options":{"image_generator_settings":{"template":"highway","default_image_id":0,"font":"","enabled":false},"version":2}},"categories":[128,125],"tags":[157],"class_list":["post-8852","post","type-post","status-publish","format-standard","hentry","category-smiguel","category-terceira","tag-turismo"],"jetpack_publicize_connections":[],"jetpack_featured_media_url":"","jetpack_sharing_enabled":true,"jetpack_shortlink":"https:\/\/wp.me\/paT0CI-2iM","_links":{"self":[{"href":"https:\/\/www.montanheiros.com\/en\/wp-json\/wp\/v2\/posts\/8852","targetHints":{"allow":["GET"]}}],"collection":[{"href":"https:\/\/www.montanheiros.com\/en\/wp-json\/wp\/v2\/posts"}],"about":[{"href":"https:\/\/www.montanheiros.com\/en\/wp-json\/wp\/v2\/types\/post"}],"author":[{"embeddable":true,"href":"https:\/\/www.montanheiros.com\/en\/wp-json\/wp\/v2\/users\/1"}],"replies":[{"embeddable":true,"href":"https:\/\/www.montanheiros.com\/en\/wp-json\/wp\/v2\/comments?post=8852"}],"version-history":[{"count":2,"href":"https:\/\/www.montanheiros.com\/en\/wp-json\/wp\/v2\/posts\/8852\/revisions"}],"predecessor-version":[{"id":8855,"href":"https:\/\/www.montanheiros.com\/en\/wp-json\/wp\/v2\/posts\/8852\/revisions\/8855"}],"wp:attachment":[{"href":"https:\/\/www.montanheiros.com\/en\/wp-json\/wp\/v2\/media?parent=8852"}],"wp:term":[{"taxonomy":"category","embeddable":true,"href":"https:\/\/www.montanheiros.com\/en\/wp-json\/wp\/v2\/categories?post=8852"},{"taxonomy":"post_tag","embeddable":true,"href":"https:\/\/www.montanheiros.com\/en\/wp-json\/wp\/v2\/tags?post=8852"}],"curies":[{"name":"wp","href":"https:\/\/api.w.org\/{rel}","templated":true}]}}