{"id":8935,"date":"2015-03-16T14:53:25","date_gmt":"2015-03-16T14:53:25","guid":{"rendered":"http:\/\/montanheiros.cecilia-designs.com\/?p=8935"},"modified":"2019-05-27T22:09:29","modified_gmt":"2019-05-27T22:09:29","slug":"seccao-de-escalada-dos-montanheiros-no-programa-terceira","status":"publish","type":"post","link":"https:\/\/www.montanheiros.com\/en\/2015\/03\/16\/seccao-de-escalada-dos-montanheiros-no-programa-terceira\/","title":{"rendered":"Sec\u00e7\u00e3o de escalada dos Montanheiros no programa \u201cTerceira Dimens\u00e3o\u201d da VITEC"},"content":{"rendered":"\n<figure class=\"wp-block-image\"><img loading=\"lazy\" decoding=\"async\" width=\"1024\" height=\"576\" src=\"http:\/\/montanheiros.cecilia-designs.com\/wp-content\/uploads\/2019\/05\/big1426502853.jpg\" alt=\"\" class=\"wp-image-8936\" srcset=\"https:\/\/www.montanheiros.com\/wp-content\/uploads\/2019\/05\/big1426502853.jpg 1024w, https:\/\/www.montanheiros.com\/wp-content\/uploads\/2019\/05\/big1426502853-711x400.jpg 711w, https:\/\/www.montanheiros.com\/wp-content\/uploads\/2019\/05\/big1426502853-768x432.jpg 768w, https:\/\/www.montanheiros.com\/wp-content\/uploads\/2019\/05\/big1426502853-500x281.jpg 500w\" sizes=\"auto, (max-width: 1024px) 100vw, 1024px\" \/><\/figure>\n\n\n\n<p>No passado dia 12 de mar\u00e7o, a Sec\u00e7\u00e3o de Escalada dos Montanheiros \nteve a visita da equipa de televis\u00e3o VITEC. A divulga\u00e7\u00e3o da modalidade \nfoi atrav\u00e9s do programa &#8220;Terceira Dimens\u00e3o&#8221;, programa este que se dedica\n \u00e0 divulga\u00e7\u00e3o de eventos e atividades desenvolvidas na ilha Terceira.<\/p>\n\n\n\n<p>Foi referido os benef\u00edcios da modalidade, os tipos de escalada e \ntamb\u00e9m foi perguntado a opini\u00e3o dos monitores e atletas de escalada.<\/p>\n\n\n\n<p>Nunca \u00e9 demais lembrar, que a&nbsp;temporada de escalada 2015, teve inicio\n no passado m\u00eas de janeiro, quer para para as camadas mais jovens e para\n os atletas mais maduros. Os treinos monitorizados t\u00eam lugar todas as \nter\u00e7as e quintas-feiras das 18:30h \u00e0s 20:30h no Regimento Guarni\u00e7\u00e3o N\u00ba1 e\n \u00e0s quintas-feiras das 20:30h \u00e0s 22h, na Escola Tom\u00e1s de Borba (apenas \npara adultos). Para quem j\u00e1 tem alguma pr\u00e1tica a escalar, poder\u00e1 fazer \ninscri\u00e7\u00e3o apenas para utilizar a parede de escalada do RG1, fora dos \nhor\u00e1rios dos treinos. Caso queira apenas experimentar, tamb\u00e9m poder\u00e1 \nfaz\u00ea-lo, inscrevendo-se durante uma semana.<\/p>\n\n\n\n<p>Para qualquer informa\u00e7\u00e3o adicional sobre a modalidade e inscri\u00e7\u00f5es, visite o nosso site <a href=\"http:\/\/www.montanheiros.com\/\">www.montanheiros.com<\/a>&nbsp;ou contate-nos.<\/p>\n\n\n\n<p>Conhe\u00e7a melhor a nossa Sec\u00e7\u00e3o de Escalada em:<\/p>\n\n\n\n<figure class=\"wp-block-embed-youtube wp-block-embed is-type-video is-provider-youtube wp-embed-aspect-16-9 wp-has-aspect-ratio\"><div class=\"wp-block-embed__wrapper\">\n<span class=\"embed-youtube\" style=\"text-align:center; display: block;\"><iframe loading=\"lazy\" class=\"youtube-player\" width=\"1020\" height=\"574\" src=\"https:\/\/www.youtube.com\/embed\/EPyDTkNgO4s?version=3&#038;rel=1&#038;showsearch=0&#038;showinfo=1&#038;iv_load_policy=1&#038;fs=1&#038;hl=en-GB&#038;autohide=2&#038;wmode=transparent&#038;listType=playlist&#038;list=PLRi-66D1W6czVDfisUZx71ZxP8klAjefH\" allowfullscreen=\"true\" style=\"border:0;\" sandbox=\"allow-scripts allow-same-origin allow-popups allow-presentation allow-popups-to-escape-sandbox\"><\/iframe><\/span>\n<\/div><\/figure>\n","protected":false},"excerpt":{"rendered":"<p>No passado dia 12 de mar\u00e7o, a Sec\u00e7\u00e3o de Escalada dos Montanheiros teve a visita da equipa de televis\u00e3o VITEC. A divulga\u00e7\u00e3o da modalidade foi atrav\u00e9s do programa &#8220;Terceira Dimens\u00e3o&#8221;, programa este que se dedica \u00e0 divulga\u00e7\u00e3o de eventos e atividades desenvolvidas na ilha Terceira. Foi referido os benef\u00edcios da modalidade, os tipos de escalada [&#8230;]\n","protected":false},"author":1,"featured_media":0,"comment_status":"closed","ping_status":"closed","sticky":false,"template":"","format":"standard","meta":{"jetpack_post_was_ever_published":false,"_jetpack_newsletter_access":"","_jetpack_dont_email_post_to_subs":false,"_jetpack_newsletter_tier_id":0,"_jetpack_memberships_contains_paywalled_content":false,"_jetpack_memberships_contains_paid_content":false,"footnotes":"","jetpack_publicize_message":"","jetpack_publicize_feature_enabled":true,"jetpack_social_post_already_shared":true,"jetpack_social_options":{"image_generator_settings":{"template":"highway","default_image_id":0,"font":"","enabled":false},"version":2}},"categories":[147],"tags":[117],"class_list":["post-8935","post","type-post","status-publish","format-standard","hentry","category-cdm","tag-escalada"],"jetpack_publicize_connections":[],"jetpack_featured_media_url":"","jetpack_sharing_enabled":true,"jetpack_shortlink":"https:\/\/wp.me\/paT0CI-2k7","_links":{"self":[{"href":"https:\/\/www.montanheiros.com\/en\/wp-json\/wp\/v2\/posts\/8935","targetHints":{"allow":["GET"]}}],"collection":[{"href":"https:\/\/www.montanheiros.com\/en\/wp-json\/wp\/v2\/posts"}],"about":[{"href":"https:\/\/www.montanheiros.com\/en\/wp-json\/wp\/v2\/types\/post"}],"author":[{"embeddable":true,"href":"https:\/\/www.montanheiros.com\/en\/wp-json\/wp\/v2\/users\/1"}],"replies":[{"embeddable":true,"href":"https:\/\/www.montanheiros.com\/en\/wp-json\/wp\/v2\/comments?post=8935"}],"version-history":[{"count":1,"href":"https:\/\/www.montanheiros.com\/en\/wp-json\/wp\/v2\/posts\/8935\/revisions"}],"predecessor-version":[{"id":8937,"href":"https:\/\/www.montanheiros.com\/en\/wp-json\/wp\/v2\/posts\/8935\/revisions\/8937"}],"wp:attachment":[{"href":"https:\/\/www.montanheiros.com\/en\/wp-json\/wp\/v2\/media?parent=8935"}],"wp:term":[{"taxonomy":"category","embeddable":true,"href":"https:\/\/www.montanheiros.com\/en\/wp-json\/wp\/v2\/categories?post=8935"},{"taxonomy":"post_tag","embeddable":true,"href":"https:\/\/www.montanheiros.com\/en\/wp-json\/wp\/v2\/tags?post=8935"}],"curies":[{"name":"wp","href":"https:\/\/api.w.org\/{rel}","templated":true}]}}