{"id":8970,"date":"2015-01-06T15:10:06","date_gmt":"2015-01-06T15:10:06","guid":{"rendered":"http:\/\/montanheiros.cecilia-designs.com\/?p=8970"},"modified":"2019-05-27T22:12:41","modified_gmt":"2019-05-27T22:12:41","slug":"programa-de-viagens-russa-e-gravado-nos-acores","status":"publish","type":"post","link":"https:\/\/www.montanheiros.com\/en\/2015\/01\/06\/programa-de-viagens-russa-e-gravado-nos-acores\/","title":{"rendered":"Programa de viagens russa \u00e9 gravado nos A\u00e7ores"},"content":{"rendered":"\n<figure class=\"wp-block-image\"><img loading=\"lazy\" decoding=\"async\" width=\"449\" height=\"249\" src=\"http:\/\/montanheiros.cecilia-designs.com\/wp-content\/uploads\/2019\/05\/big1420625283.jpg\" alt=\"\" class=\"wp-image-8971\"\/><\/figure>\n\n\n\n<p>No final do ano passado, deslocou-se aos A\u00e7ores&nbsp;uma \nequipa de televis\u00e3o russa para a grava\u00e7\u00e3o de um programa de viagens \n&#8220;Teen spirit&#8221;, dando mais destaque \u00e0 ilha de S. Miguel e o \u00fanico&nbsp;ponto \ntur\u00edstico&nbsp;que visitaram na ilha Terceira foi o Monumento Natural \nRegional, o Algar do Carv\u00e3o.<\/p>\n\n\n\n<p>Veja as imagens no v\u00eddeo que se segue (Algar do Carv\u00e3o a partir do minuto 36).<\/p>\n\n\n\n<p><a href=\"https:\/\/www.youtube.com\/watch?v=8NxhXlUP2vA&amp;feature=youtu.be\">https:\/\/www.youtube.com\/watch?v=8NxhXlUP2vA&amp;feature=youtu.be<\/a><\/p>\n","protected":false},"excerpt":{"rendered":"<p>No final do ano passado, deslocou-se aos A\u00e7ores&nbsp;uma equipa de televis\u00e3o russa para a grava\u00e7\u00e3o de um programa de viagens &#8220;Teen spirit&#8221;, dando mais destaque \u00e0 ilha de S. Miguel e o \u00fanico&nbsp;ponto tur\u00edstico&nbsp;que visitaram na ilha Terceira foi o Monumento Natural Regional, o Algar do Carv\u00e3o. Veja as imagens no v\u00eddeo que se segue [&#8230;]\n","protected":false},"author":1,"featured_media":0,"comment_status":"closed","ping_status":"closed","sticky":false,"template":"","format":"standard","meta":{"jetpack_post_was_ever_published":false,"_jetpack_newsletter_access":"","_jetpack_dont_email_post_to_subs":false,"_jetpack_newsletter_tier_id":0,"_jetpack_memberships_contains_paywalled_content":false,"_jetpack_memberships_contains_paid_content":false,"footnotes":"","jetpack_publicize_message":"","jetpack_publicize_feature_enabled":true,"jetpack_social_post_already_shared":true,"jetpack_social_options":{"image_generator_settings":{"template":"highway","default_image_id":0,"font":"","enabled":false},"version":2}},"categories":[128,125],"tags":[157],"class_list":["post-8970","post","type-post","status-publish","format-standard","hentry","category-smiguel","category-terceira","tag-turismo"],"jetpack_publicize_connections":[],"jetpack_featured_media_url":"","jetpack_sharing_enabled":true,"jetpack_shortlink":"https:\/\/wp.me\/paT0CI-2kG","_links":{"self":[{"href":"https:\/\/www.montanheiros.com\/en\/wp-json\/wp\/v2\/posts\/8970","targetHints":{"allow":["GET"]}}],"collection":[{"href":"https:\/\/www.montanheiros.com\/en\/wp-json\/wp\/v2\/posts"}],"about":[{"href":"https:\/\/www.montanheiros.com\/en\/wp-json\/wp\/v2\/types\/post"}],"author":[{"embeddable":true,"href":"https:\/\/www.montanheiros.com\/en\/wp-json\/wp\/v2\/users\/1"}],"replies":[{"embeddable":true,"href":"https:\/\/www.montanheiros.com\/en\/wp-json\/wp\/v2\/comments?post=8970"}],"version-history":[{"count":1,"href":"https:\/\/www.montanheiros.com\/en\/wp-json\/wp\/v2\/posts\/8970\/revisions"}],"predecessor-version":[{"id":8972,"href":"https:\/\/www.montanheiros.com\/en\/wp-json\/wp\/v2\/posts\/8970\/revisions\/8972"}],"wp:attachment":[{"href":"https:\/\/www.montanheiros.com\/en\/wp-json\/wp\/v2\/media?parent=8970"}],"wp:term":[{"taxonomy":"category","embeddable":true,"href":"https:\/\/www.montanheiros.com\/en\/wp-json\/wp\/v2\/categories?post=8970"},{"taxonomy":"post_tag","embeddable":true,"href":"https:\/\/www.montanheiros.com\/en\/wp-json\/wp\/v2\/tags?post=8970"}],"curies":[{"name":"wp","href":"https:\/\/api.w.org\/{rel}","templated":true}]}}