{"id":8979,"date":"2014-12-16T15:15:56","date_gmt":"2014-12-16T15:15:56","guid":{"rendered":"http:\/\/montanheiros.cecilia-designs.com\/?p=8979"},"modified":"2019-05-27T22:13:21","modified_gmt":"2019-05-27T22:13:21","slug":"a-bandeira-acoriana-sobe-ao-podio-em-prova-de-escalada","status":"publish","type":"post","link":"https:\/\/www.montanheiros.com\/en\/2014\/12\/16\/a-bandeira-acoriana-sobe-ao-podio-em-prova-de-escalada\/","title":{"rendered":"A bandeira a\u00e7oriana sobe ao p\u00f3dio em prova de escalada"},"content":{"rendered":"\n<figure class=\"wp-block-image is-resized\"><img loading=\"lazy\" decoding=\"async\" src=\"http:\/\/montanheiros.cecilia-designs.com\/wp-content\/uploads\/2019\/05\/big1418726344.jpg\" alt=\"\" class=\"wp-image-8980\" width=\"312\" height=\"234\" srcset=\"https:\/\/www.montanheiros.com\/wp-content\/uploads\/2019\/05\/big1418726344.jpg 1024w, https:\/\/www.montanheiros.com\/wp-content\/uploads\/2019\/05\/big1418726344-533x400.jpg 533w, https:\/\/www.montanheiros.com\/wp-content\/uploads\/2019\/05\/big1418726344-768x576.jpg 768w, https:\/\/www.montanheiros.com\/wp-content\/uploads\/2019\/05\/big1418726344-500x375.jpg 500w\" sizes=\"auto, (max-width: 312px) 100vw, 312px\" \/><\/figure>\n\n\n\n<p>Decorreu em Coimbra, no Pavilh\u00e3o da Encosta do Sol, nos dias 13 e 14 \nde dezembro a \u00faltima competi\u00e7\u00e3o de Escalada, na modalidade de Bloco, do \nCircuito Nacional da Federa\u00e7\u00e3o Portuguesa de Montanhismo e Escalada \n(FPME) de 2014, fazendo-se a Associa\u00e7\u00e3o Os Montanhismo, representar no \nescal\u00e3o J\u00fanior, pelo atleta Ricardo Costa, atleta que tem subido ao \np\u00f3dio em praticamente todas as competi\u00e7\u00f5es nacionais em que participa.<\/p>\n\n\n\n<p>Durante a manh\u00e3 de s\u00e1bado, e ap\u00f3s uma eliminat\u00f3ria bastante renhida o\n atleta da associa\u00e7\u00e3o passou \u00e1 final na segunda posi\u00e7\u00e3o. J\u00e1 durante a \ntarde e na final, Ricardo Costa empatou na primeira posi\u00e7\u00e3o, ficando em \nsegundo lugar apenas porque foi repescada a classifica\u00e7\u00e3o da \neliminat\u00f3ria anterior para desempate.<\/p>\n\n\n\n<p>Confirma-se assim, o atleta a\u00e7oriano, como um dos tr\u00eas melhores a \nn\u00edvel nacionais, no escal\u00e3o J\u00fanior. A equipa de competi\u00e7\u00e3o dos \nMontanheiros, \u00e9 composta por diversos jovens atletas com grande \npotencial e motiva\u00e7\u00e3o que tem vindo a dar provas da sua qualidade em \ncompeti\u00e7\u00f5es locais e nacionais, continuando no entanto a faltar a verba \nnecess\u00e1ria para os colocar a competir com mais regularidade nas diversas\n provas do Circuito Nacional de Competi\u00e7\u00f5es e no Circuito Europeu de \nEscalada.<\/p>\n","protected":false},"excerpt":{"rendered":"<p>Decorreu em Coimbra, no Pavilh\u00e3o da Encosta do Sol, nos dias 13 e 14 de dezembro a \u00faltima competi\u00e7\u00e3o de Escalada, na modalidade de Bloco, do Circuito Nacional da Federa\u00e7\u00e3o Portuguesa de Montanhismo e Escalada (FPME) de 2014, fazendo-se a Associa\u00e7\u00e3o Os Montanhismo, representar no escal\u00e3o J\u00fanior, pelo atleta Ricardo Costa, atleta que tem subido [&#8230;]\n","protected":false},"author":1,"featured_media":0,"comment_status":"closed","ping_status":"closed","sticky":false,"template":"","format":"standard","meta":{"jetpack_post_was_ever_published":false,"_jetpack_newsletter_access":"","_jetpack_dont_email_post_to_subs":false,"_jetpack_newsletter_tier_id":0,"_jetpack_memberships_contains_paywalled_content":false,"_jetpack_memberships_contains_paid_content":false,"footnotes":"","jetpack_publicize_message":"","jetpack_publicize_feature_enabled":true,"jetpack_social_post_already_shared":true,"jetpack_social_options":{"image_generator_settings":{"template":"highway","default_image_id":0,"font":"","enabled":false},"version":2}},"categories":[147],"tags":[117],"class_list":["post-8979","post","type-post","status-publish","format-standard","hentry","category-cdm","tag-escalada"],"jetpack_publicize_connections":[],"jetpack_featured_media_url":"","jetpack_sharing_enabled":true,"jetpack_shortlink":"https:\/\/wp.me\/paT0CI-2kP","_links":{"self":[{"href":"https:\/\/www.montanheiros.com\/en\/wp-json\/wp\/v2\/posts\/8979","targetHints":{"allow":["GET"]}}],"collection":[{"href":"https:\/\/www.montanheiros.com\/en\/wp-json\/wp\/v2\/posts"}],"about":[{"href":"https:\/\/www.montanheiros.com\/en\/wp-json\/wp\/v2\/types\/post"}],"author":[{"embeddable":true,"href":"https:\/\/www.montanheiros.com\/en\/wp-json\/wp\/v2\/users\/1"}],"replies":[{"embeddable":true,"href":"https:\/\/www.montanheiros.com\/en\/wp-json\/wp\/v2\/comments?post=8979"}],"version-history":[{"count":1,"href":"https:\/\/www.montanheiros.com\/en\/wp-json\/wp\/v2\/posts\/8979\/revisions"}],"predecessor-version":[{"id":8981,"href":"https:\/\/www.montanheiros.com\/en\/wp-json\/wp\/v2\/posts\/8979\/revisions\/8981"}],"wp:attachment":[{"href":"https:\/\/www.montanheiros.com\/en\/wp-json\/wp\/v2\/media?parent=8979"}],"wp:term":[{"taxonomy":"category","embeddable":true,"href":"https:\/\/www.montanheiros.com\/en\/wp-json\/wp\/v2\/categories?post=8979"},{"taxonomy":"post_tag","embeddable":true,"href":"https:\/\/www.montanheiros.com\/en\/wp-json\/wp\/v2\/tags?post=8979"}],"curies":[{"name":"wp","href":"https:\/\/api.w.org\/{rel}","templated":true}]}}