{"id":9062,"date":"2014-06-02T21:03:44","date_gmt":"2014-06-02T21:03:44","guid":{"rendered":"http:\/\/montanheiros.cecilia-designs.com\/?p=9062"},"modified":"2019-05-27T22:19:07","modified_gmt":"2019-05-27T22:19:07","slug":"xiii-encontro-anual-de-escolinhas-de-desporto","status":"publish","type":"post","link":"https:\/\/www.montanheiros.com\/en\/2014\/06\/02\/xiii-encontro-anual-de-escolinhas-de-desporto\/","title":{"rendered":"XIII Encontro Anual de Escolinhas de Desporto"},"content":{"rendered":"\n<figure class=\"wp-block-image\"><img loading=\"lazy\" decoding=\"async\" width=\"1024\" height=\"768\" src=\"http:\/\/montanheiros.cecilia-designs.com\/wp-content\/uploads\/2019\/05\/big1401980199.jpg\" alt=\"\" class=\"wp-image-9063\" srcset=\"https:\/\/www.montanheiros.com\/wp-content\/uploads\/2019\/05\/big1401980199.jpg 1024w, https:\/\/www.montanheiros.com\/wp-content\/uploads\/2019\/05\/big1401980199-533x400.jpg 533w, https:\/\/www.montanheiros.com\/wp-content\/uploads\/2019\/05\/big1401980199-768x576.jpg 768w, https:\/\/www.montanheiros.com\/wp-content\/uploads\/2019\/05\/big1401980199-500x375.jpg 500w\" sizes=\"auto, (max-width: 1024px) 100vw, 1024px\" \/><figcaption> Parque Desportivo da Terceira<\/figcaption><\/figure>\n\n\n\n<p>No passado dia 31 de maio, decorreu no Complexo Desportivo Jo\u00e3o \nPaulo, em Angra do Hero\u00edsmo, o XIII Encontro Anual das Escolinhas do \nDesporto, entre as 10H00 e as 12H00, que constituiu um evento desportivo\n com assinal\u00e1vel sucesso e com uma participa\u00e7\u00e3o massiva dos \nintervenientes neste projeto. Refira-se que, este ano, o n\u00famero de \ncrian\u00e7as participantes ultrapassou as 500.<\/p>\n\n\n\n<p>A Sec\u00e7\u00e3o de Escalada da Associa\u00e7\u00e3o Os Montanheiros tamb\u00e9m l\u00e1 esteve \nrepresentada e colaborou neste grande evento do desporto juvenil, dando a\n conhecer a modalidade \u00e0s camadas mais jovens.<\/p>\n","protected":false},"excerpt":{"rendered":"<p>Parque Desportivo da Terceira No passado dia 31 de maio, decorreu no Complexo Desportivo Jo\u00e3o Paulo, em Angra do Hero\u00edsmo, o XIII Encontro Anual das Escolinhas do Desporto, entre as 10H00 e as 12H00, que constituiu um evento desportivo com assinal\u00e1vel sucesso e com uma participa\u00e7\u00e3o massiva dos intervenientes neste projeto. Refira-se que, este ano, [&#8230;]\n","protected":false},"author":1,"featured_media":0,"comment_status":"closed","ping_status":"closed","sticky":false,"template":"","format":"standard","meta":{"jetpack_post_was_ever_published":false,"_jetpack_newsletter_access":"","_jetpack_dont_email_post_to_subs":false,"_jetpack_newsletter_tier_id":0,"_jetpack_memberships_contains_paywalled_content":false,"_jetpack_memberships_contains_paid_content":false,"footnotes":"","jetpack_publicize_message":"","jetpack_publicize_feature_enabled":true,"jetpack_social_post_already_shared":true,"jetpack_social_options":{"image_generator_settings":{"template":"highway","default_image_id":0,"font":"","enabled":false},"version":2}},"categories":[125],"tags":[269],"class_list":["post-9062","post","type-post","status-publish","format-standard","hentry","category-terceira","tag-escolinhas-de-desporto"],"jetpack_publicize_connections":[],"jetpack_featured_media_url":"","jetpack_sharing_enabled":true,"jetpack_shortlink":"https:\/\/wp.me\/paT0CI-2ma","_links":{"self":[{"href":"https:\/\/www.montanheiros.com\/en\/wp-json\/wp\/v2\/posts\/9062","targetHints":{"allow":["GET"]}}],"collection":[{"href":"https:\/\/www.montanheiros.com\/en\/wp-json\/wp\/v2\/posts"}],"about":[{"href":"https:\/\/www.montanheiros.com\/en\/wp-json\/wp\/v2\/types\/post"}],"author":[{"embeddable":true,"href":"https:\/\/www.montanheiros.com\/en\/wp-json\/wp\/v2\/users\/1"}],"replies":[{"embeddable":true,"href":"https:\/\/www.montanheiros.com\/en\/wp-json\/wp\/v2\/comments?post=9062"}],"version-history":[{"count":1,"href":"https:\/\/www.montanheiros.com\/en\/wp-json\/wp\/v2\/posts\/9062\/revisions"}],"predecessor-version":[{"id":9064,"href":"https:\/\/www.montanheiros.com\/en\/wp-json\/wp\/v2\/posts\/9062\/revisions\/9064"}],"wp:attachment":[{"href":"https:\/\/www.montanheiros.com\/en\/wp-json\/wp\/v2\/media?parent=9062"}],"wp:term":[{"taxonomy":"category","embeddable":true,"href":"https:\/\/www.montanheiros.com\/en\/wp-json\/wp\/v2\/categories?post=9062"},{"taxonomy":"post_tag","embeddable":true,"href":"https:\/\/www.montanheiros.com\/en\/wp-json\/wp\/v2\/tags?post=9062"}],"curies":[{"name":"wp","href":"https:\/\/api.w.org\/{rel}","templated":true}]}}