{"id":9140,"date":"2014-01-24T10:24:22","date_gmt":"2014-01-24T10:24:22","guid":{"rendered":"http:\/\/montanheiros.cecilia-designs.com\/?p=9140"},"modified":"2019-05-28T13:23:17","modified_gmt":"2019-05-28T13:23:17","slug":"terramoto-1980-agora-em-livro","status":"publish","type":"post","link":"https:\/\/www.montanheiros.com\/en\/2014\/01\/24\/terramoto-1980-agora-em-livro\/","title":{"rendered":"Terramoto 1980 agora em livro"},"content":{"rendered":"\n<div class=\"wp-block-image\"><figure class=\"alignleft is-resized\"><img loading=\"lazy\" decoding=\"async\" src=\"http:\/\/montanheiros.cecilia-designs.com\/wp-content\/uploads\/2019\/05\/big1390576341.jpg\" alt=\"\" class=\"wp-image-9141\" width=\"282\" height=\"346\" srcset=\"https:\/\/www.montanheiros.com\/wp-content\/uploads\/2019\/05\/big1390576341.jpg 625w, https:\/\/www.montanheiros.com\/wp-content\/uploads\/2019\/05\/big1390576341-326x400.jpg 326w, https:\/\/www.montanheiros.com\/wp-content\/uploads\/2019\/05\/big1390576341-500x614.jpg 500w\" sizes=\"auto, (max-width: 282px) 100vw, 282px\" \/><\/figure><\/div>\n\n\n\n<p>Informamos os nossos prezados s\u00f3cios e p\u00fablico em \ngeral, que j\u00e1 se  encontra \u00e0 venda na sede dos Montanheiros, o livro \n&#8220;Terramoto 1980&#8221;, com  edi\u00e7\u00e3o do OVGA &#8211; Observat\u00f3rio Vulcanol\u00f3gico e \nGeot\u00e9rmico dos A\u00e7ores.<\/p>\n\n\n\n<p>Esta publica\u00e7\u00e3o tem tido alguma procura, desde da sua apresenta\u00e7\u00e3o no\n  passado dia 1 janeiro pelo Prof. Victor Hugo Forjaz na Biblioteca  \nP\u00fablica de Angra do Hero\u00edsmo.<\/p>\n\n\n\n<p>Visite-nos ou clique na nossa loja online.<\/p>\n\n\n\n<p>Reviva a hist\u00f3ria de um passado recente, que marcou a vida dos terceirenses.<\/p>\n","protected":false},"excerpt":{"rendered":"<p>Informamos os nossos prezados s\u00f3cios e p\u00fablico em geral, que j\u00e1 se encontra \u00e0 venda na sede dos Montanheiros, o livro &#8220;Terramoto 1980&#8221;, com edi\u00e7\u00e3o do OVGA &#8211; Observat\u00f3rio Vulcanol\u00f3gico e Geot\u00e9rmico dos A\u00e7ores. Esta publica\u00e7\u00e3o tem tido alguma procura, desde da sua apresenta\u00e7\u00e3o no passado dia 1 janeiro pelo Prof. Victor Hugo Forjaz na [&#8230;]\n","protected":false},"author":1,"featured_media":0,"comment_status":"closed","ping_status":"closed","sticky":false,"template":"","format":"standard","meta":{"jetpack_post_was_ever_published":false,"_jetpack_newsletter_access":"","_jetpack_dont_email_post_to_subs":false,"_jetpack_newsletter_tier_id":0,"_jetpack_memberships_contains_paywalled_content":false,"_jetpack_memberships_contains_paid_content":false,"footnotes":"","jetpack_publicize_message":"","jetpack_publicize_feature_enabled":true,"jetpack_social_post_already_shared":true,"jetpack_social_options":{"image_generator_settings":{"template":"highway","default_image_id":0,"font":"","enabled":false},"version":2}},"categories":[1],"tags":[280],"class_list":["post-9140","post","type-post","status-publish","format-standard","hentry","category-sem-categoria","tag-terramoto-1980"],"jetpack_publicize_connections":[],"jetpack_featured_media_url":"","jetpack_sharing_enabled":true,"jetpack_shortlink":"https:\/\/wp.me\/paT0CI-2nq","_links":{"self":[{"href":"https:\/\/www.montanheiros.com\/en\/wp-json\/wp\/v2\/posts\/9140","targetHints":{"allow":["GET"]}}],"collection":[{"href":"https:\/\/www.montanheiros.com\/en\/wp-json\/wp\/v2\/posts"}],"about":[{"href":"https:\/\/www.montanheiros.com\/en\/wp-json\/wp\/v2\/types\/post"}],"author":[{"embeddable":true,"href":"https:\/\/www.montanheiros.com\/en\/wp-json\/wp\/v2\/users\/1"}],"replies":[{"embeddable":true,"href":"https:\/\/www.montanheiros.com\/en\/wp-json\/wp\/v2\/comments?post=9140"}],"version-history":[{"count":1,"href":"https:\/\/www.montanheiros.com\/en\/wp-json\/wp\/v2\/posts\/9140\/revisions"}],"predecessor-version":[{"id":9142,"href":"https:\/\/www.montanheiros.com\/en\/wp-json\/wp\/v2\/posts\/9140\/revisions\/9142"}],"wp:attachment":[{"href":"https:\/\/www.montanheiros.com\/en\/wp-json\/wp\/v2\/media?parent=9140"}],"wp:term":[{"taxonomy":"category","embeddable":true,"href":"https:\/\/www.montanheiros.com\/en\/wp-json\/wp\/v2\/categories?post=9140"},{"taxonomy":"post_tag","embeddable":true,"href":"https:\/\/www.montanheiros.com\/en\/wp-json\/wp\/v2\/tags?post=9140"}],"curies":[{"name":"wp","href":"https:\/\/api.w.org\/{rel}","templated":true}]}}