{"id":9143,"date":"2014-01-23T10:25:53","date_gmt":"2014-01-23T10:25:53","guid":{"rendered":"http:\/\/montanheiros.cecilia-designs.com\/?p=9143"},"modified":"2019-05-28T13:23:26","modified_gmt":"2019-05-28T13:23:26","slug":"sismo-de-oitenta","status":"publish","type":"post","link":"https:\/\/www.montanheiros.com\/en\/2014\/01\/23\/sismo-de-oitenta\/","title":{"rendered":"Sismo de Oitenta"},"content":{"rendered":"\n<div class=\"wp-block-image\"><figure class=\"alignleft is-resized\"><img loading=\"lazy\" decoding=\"async\" src=\"http:\/\/montanheiros.cecilia-designs.com\/wp-content\/uploads\/2019\/05\/big1390577865.jpg\" alt=\"\" class=\"wp-image-9144\" width=\"293\" height=\"220\"\/><\/figure><\/div>\n\n\n\n<p>O projeto Sismo d\u2019Oitenta vem a ser conceptualizado \nh\u00e1 cerca de dois anos por quatro jovens: Jo\u00e3o Aguiar, Lu\u00eds Melo, Lu\u00eds \nSilva e R\u00faben Quadro Ramos .<\/p>\n\n\n\n<p>\u00c9 uma plataforma onde se pretende homenagear e registar o m\u00e1ximo \nsobre esta trag\u00e9dia, antes que os anos apaguem testemunhos, fotos, \ndocumentos e, sobretudo, as pessoas que s\u00e3o parte desta hist\u00f3ria. Estes \njovens foram movidos pela curiosidade de querer saber mais, reunindo \nfotos, fazendo entrevistas e trabalhando textos, tendo sempre a no\u00e7\u00e3o de\n que era um trabalho nunca acabado.<\/p>\n\n\n\n<p>\u00c8 um projeto sobre os a\u00e7orianos que sobreviveram ao terramoto do dia 1\n de janeiro de 1980, popularmente apelidado Sismo d&#8217;Oitenta. Foi dado a \nconhecer ao p\u00fablico no passado dia 3 janeiro no Centro Cultural de \nCongressos de Angra do Hero\u00edsmo.<\/p>\n\n\n\n<p>Reviva e partilhe os seus momentos.<\/p>\n\n\n\n<p>Clique em: <a href=\"http:\/\/www.sismodoitenta.com\/\">http:\/\/www.sismodoitenta.com\/<\/a><\/p>\n","protected":false},"excerpt":{"rendered":"<p>O projeto Sismo d\u2019Oitenta vem a ser conceptualizado h\u00e1 cerca de dois anos por quatro jovens: Jo\u00e3o Aguiar, Lu\u00eds Melo, Lu\u00eds Silva e R\u00faben Quadro Ramos . \u00c9 uma plataforma onde se pretende homenagear e registar o m\u00e1ximo sobre esta trag\u00e9dia, antes que os anos apaguem testemunhos, fotos, documentos e, sobretudo, as pessoas que s\u00e3o [&#8230;]\n","protected":false},"author":1,"featured_media":0,"comment_status":"closed","ping_status":"closed","sticky":false,"template":"","format":"standard","meta":{"jetpack_post_was_ever_published":false,"_jetpack_newsletter_access":"","_jetpack_dont_email_post_to_subs":false,"_jetpack_newsletter_tier_id":0,"_jetpack_memberships_contains_paywalled_content":false,"_jetpack_memberships_contains_paid_content":false,"footnotes":"","jetpack_publicize_message":"","jetpack_publicize_feature_enabled":true,"jetpack_social_post_already_shared":true,"jetpack_social_options":{"image_generator_settings":{"template":"highway","default_image_id":0,"font":"","enabled":false},"version":2}},"categories":[1],"tags":[280],"class_list":["post-9143","post","type-post","status-publish","format-standard","hentry","category-sem-categoria","tag-terramoto-1980"],"jetpack_publicize_connections":[],"jetpack_featured_media_url":"","jetpack_sharing_enabled":true,"jetpack_shortlink":"https:\/\/wp.me\/paT0CI-2nt","_links":{"self":[{"href":"https:\/\/www.montanheiros.com\/en\/wp-json\/wp\/v2\/posts\/9143","targetHints":{"allow":["GET"]}}],"collection":[{"href":"https:\/\/www.montanheiros.com\/en\/wp-json\/wp\/v2\/posts"}],"about":[{"href":"https:\/\/www.montanheiros.com\/en\/wp-json\/wp\/v2\/types\/post"}],"author":[{"embeddable":true,"href":"https:\/\/www.montanheiros.com\/en\/wp-json\/wp\/v2\/users\/1"}],"replies":[{"embeddable":true,"href":"https:\/\/www.montanheiros.com\/en\/wp-json\/wp\/v2\/comments?post=9143"}],"version-history":[{"count":1,"href":"https:\/\/www.montanheiros.com\/en\/wp-json\/wp\/v2\/posts\/9143\/revisions"}],"predecessor-version":[{"id":9145,"href":"https:\/\/www.montanheiros.com\/en\/wp-json\/wp\/v2\/posts\/9143\/revisions\/9145"}],"wp:attachment":[{"href":"https:\/\/www.montanheiros.com\/en\/wp-json\/wp\/v2\/media?parent=9143"}],"wp:term":[{"taxonomy":"category","embeddable":true,"href":"https:\/\/www.montanheiros.com\/en\/wp-json\/wp\/v2\/categories?post=9143"},{"taxonomy":"post_tag","embeddable":true,"href":"https:\/\/www.montanheiros.com\/en\/wp-json\/wp\/v2\/tags?post=9143"}],"curies":[{"name":"wp","href":"https:\/\/api.w.org\/{rel}","templated":true}]}}