{"id":9374,"date":"2012-03-21T09:41:52","date_gmt":"2012-03-21T09:41:52","guid":{"rendered":"http:\/\/montanheiros.cecilia-designs.com\/?p=9374"},"modified":"2019-05-30T18:32:27","modified_gmt":"2019-05-30T18:32:27","slug":"montagem-de-maquete-geomorfologica-pelo-montanheiro","status":"publish","type":"post","link":"https:\/\/www.montanheiros.com\/en\/2012\/03\/21\/montagem-de-maquete-geomorfologica-pelo-montanheiro\/","title":{"rendered":"Montagem de maquete geomorfol\u00f3gica pelo montanheiro Jos\u00e9 Maria Botelho - ilha Terceira"},"content":{"rendered":"\n<p>O projeto de montagem de uma maquete geomorfol\u00f3gica, j\u00e1 existe h\u00e1 algum tempo mas tem sido posto de parte devido a alguns percal\u00e7os mas nunca foi dado como imposs\u00edvel. Nos \u00faltimos dias, reiniciou-se o projeto com mais energia, inspira\u00e7\u00e3o e com prazos a cumprir. Este pequeno filme \u00e9 uma forma de homenagear o nosso montanheiro de longa data, Jos\u00e9 Maria Botelho, um amante da natureza e da geologia. N\u00e3o \u00e9 s\u00f3 uma forma de homenagem, mas tamb\u00e9m uma forma de agu\u00e7ar a curiosidade de todos os visitantes do nosso Museu Vulcanoespeleol\u00f3gico Machado Fagundes, que de momento est\u00e1 encerrado para obras de melhoramento mas que ter\u00e1 mais esta novidade a exibir. A Dire\u00e7\u00e3o <\/p>\n\n\n\n<figure class=\"wp-block-embed-youtube wp-block-embed is-type-video is-provider-youtube wp-embed-aspect-16-9 wp-has-aspect-ratio\"><div class=\"wp-block-embed__wrapper\">\n<span class=\"embed-youtube\" style=\"text-align:center; display: block;\"><iframe loading=\"lazy\" class=\"youtube-player\" width=\"1020\" height=\"574\" src=\"https:\/\/www.youtube.com\/embed\/nN3zaY_4Srw?version=3&#038;rel=1&#038;showsearch=0&#038;showinfo=1&#038;iv_load_policy=1&#038;fs=1&#038;hl=en-GB&#038;autohide=2&#038;wmode=transparent\" allowfullscreen=\"true\" style=\"border:0;\" sandbox=\"allow-scripts allow-same-origin allow-popups allow-presentation allow-popups-to-escape-sandbox\"><\/iframe><\/span>\n<\/div><\/figure>\n","protected":false},"excerpt":{"rendered":"<p>O projeto de montagem de uma maquete geomorfol\u00f3gica, j\u00e1 existe h\u00e1 algum tempo mas tem sido posto de parte devido a alguns percal\u00e7os mas nunca foi dado como imposs\u00edvel. Nos \u00faltimos dias, reiniciou-se o projeto com mais energia, inspira\u00e7\u00e3o e com prazos a cumprir. Este pequeno filme \u00e9 uma forma de homenagear o nosso montanheiro [&#8230;]\n","protected":false},"author":1,"featured_media":0,"comment_status":"closed","ping_status":"closed","sticky":false,"template":"","format":"standard","meta":{"jetpack_post_was_ever_published":false,"_jetpack_newsletter_access":"","_jetpack_dont_email_post_to_subs":false,"_jetpack_newsletter_tier_id":0,"_jetpack_memberships_contains_paywalled_content":false,"_jetpack_memberships_contains_paid_content":false,"footnotes":"","jetpack_publicize_message":"","jetpack_publicize_feature_enabled":true,"jetpack_social_post_already_shared":true,"jetpack_social_options":{"image_generator_settings":{"template":"highway","default_image_id":0,"font":"","enabled":false},"version":2}},"categories":[129],"tags":[294],"class_list":["post-9374","post","type-post","status-publish","format-standard","hentry","category-montanheiros","tag-maquete-geomorfologica"],"jetpack_publicize_connections":[],"jetpack_featured_media_url":"","jetpack_sharing_enabled":true,"jetpack_shortlink":"https:\/\/wp.me\/paT0CI-2rc","_links":{"self":[{"href":"https:\/\/www.montanheiros.com\/en\/wp-json\/wp\/v2\/posts\/9374","targetHints":{"allow":["GET"]}}],"collection":[{"href":"https:\/\/www.montanheiros.com\/en\/wp-json\/wp\/v2\/posts"}],"about":[{"href":"https:\/\/www.montanheiros.com\/en\/wp-json\/wp\/v2\/types\/post"}],"author":[{"embeddable":true,"href":"https:\/\/www.montanheiros.com\/en\/wp-json\/wp\/v2\/users\/1"}],"replies":[{"embeddable":true,"href":"https:\/\/www.montanheiros.com\/en\/wp-json\/wp\/v2\/comments?post=9374"}],"version-history":[{"count":1,"href":"https:\/\/www.montanheiros.com\/en\/wp-json\/wp\/v2\/posts\/9374\/revisions"}],"predecessor-version":[{"id":9375,"href":"https:\/\/www.montanheiros.com\/en\/wp-json\/wp\/v2\/posts\/9374\/revisions\/9375"}],"wp:attachment":[{"href":"https:\/\/www.montanheiros.com\/en\/wp-json\/wp\/v2\/media?parent=9374"}],"wp:term":[{"taxonomy":"category","embeddable":true,"href":"https:\/\/www.montanheiros.com\/en\/wp-json\/wp\/v2\/categories?post=9374"},{"taxonomy":"post_tag","embeddable":true,"href":"https:\/\/www.montanheiros.com\/en\/wp-json\/wp\/v2\/tags?post=9374"}],"curies":[{"name":"wp","href":"https:\/\/api.w.org\/{rel}","templated":true}]}}