{"id":9418,"date":"2011-10-12T11:50:27","date_gmt":"2011-10-12T11:50:27","guid":{"rendered":"http:\/\/montanheiros.cecilia-designs.com\/?p=9418"},"modified":"2019-05-30T18:39:40","modified_gmt":"2019-05-30T18:39:40","slug":"prova-de-escalada-trepaparedes-2011-um-sucesso-ilha-terceira","status":"publish","type":"post","link":"https:\/\/www.montanheiros.com\/en\/2011\/10\/12\/prova-de-escalada-trepaparedes-2011-um-sucesso-ilha-terceira\/","title":{"rendered":"Prova de escalada \u201cTrepaparedes 2011\u201d, um sucesso - ilha Terceira"},"content":{"rendered":"\n<div class=\"wp-block-image\"><figure class=\"alignleft\"><img loading=\"lazy\" decoding=\"async\" width=\"200\" height=\"150\" src=\"http:\/\/montanheiros.cecilia-designs.com\/wp-content\/uploads\/2019\/05\/big1318414708.jpg\" alt=\"\" class=\"wp-image-9419\"\/><\/figure><\/div>\n\n\n\n<p>Realizou-se no passado dia 8 Outubro (S\u00e1bado) mais uma edi\u00e7\u00e3o da j\u00e1 habitual Competi\u00e7\u00e3o de Escalada, organizada pela Associa\u00e7\u00e3o Os Montanheiros. Numa sess\u00e3o bastante animada que decorreu na sala de treino da modalidade, pertencente \u00e0 associa\u00e7\u00e3o e localizada no Regimento de Guarni\u00e7\u00e3o n\u00ba1 &#8211; Monte Brasil, os atletas puderam experimentar as diversas vias de escalada preparadas para o efeito. Foi ainda inaugurada uma nova estrutura que vem complementar a j\u00e1 existente e que ir\u00e1 certamente chamar novos adeptos. Uma vez que ainda estamos em inicio de \u00e9poca, todos os interessados podem efectuar a sua inscri\u00e7\u00e3o para a pr\u00e1tica da modalidade, bastando para o efeito consultar a nossa p\u00e1gina quanto aos pre\u00e7os (ver em &#8220;AGENDA&#8221;) e documentos a preencher e depois dirigir-se \u00e0 sede da associa\u00e7\u00e3o. Classifica\u00e7\u00f5es:<br>Escal\u00e3o Masculinos &#8211; Maiores de 14 anos Ricardo Costa Pontua\u00e7\u00e3o:106 Classifica\u00e7\u00e3o: 1\u00ba Pedro Teixeira Borges Pontua\u00e7\u00e3o: 43 Classifica\u00e7\u00e3o: 2\u00ba Ruben Freitas Vieira Pontua\u00e7\u00e3o: 30 Classifica\u00e7\u00e3o: 3\u00ba Paulo Sergio Oliveira Monteiro Pontua\u00e7\u00e3o: 14 Classifica\u00e7\u00e3o: 4\u00ba Escal\u00e3o Femininos &#8211; Maiores de 14 anos Anabela Silva Pontua\u00e7\u00e3o: 53 Classifica\u00e7\u00e3o: 1\u00ba B\u00e1rbara Medeiros Bettencourt Pontua\u00e7\u00e3o: 32 Classifica\u00e7\u00e3o:2\u00ba Noelia Garciolo Pontua\u00e7\u00e3o: 29 Classifica\u00e7\u00e3o: 3\u00ba Joana Isabel Leal Pontua\u00e7\u00e3o: 19 Classifica\u00e7\u00e3o: 4\u00ba Escal\u00e3o Masculinos &#8211; Menores de 14 anos Luis Oliveira Pontua\u00e7\u00e3o: 72 Classifica\u00e7\u00e3o:1\u00ba Filipe Silva Pontua\u00e7\u00e3o: 14 Classifica\u00e7\u00e3o: 2\u00ba A organiza\u00e7\u00e3o: Paulo Vaz Sec\u00e7\u00e3o de escalada &#8211; Montanheiros <\/p>\n","protected":false},"excerpt":{"rendered":"<p>Realizou-se no passado dia 8 Outubro (S\u00e1bado) mais uma edi\u00e7\u00e3o da j\u00e1 habitual Competi\u00e7\u00e3o de Escalada, organizada pela Associa\u00e7\u00e3o Os Montanheiros. Numa sess\u00e3o bastante animada que decorreu na sala de treino da modalidade, pertencente \u00e0 associa\u00e7\u00e3o e localizada no Regimento de Guarni\u00e7\u00e3o n\u00ba1 &#8211; Monte Brasil, os atletas puderam experimentar as diversas vias de escalada [&#8230;]\n","protected":false},"author":1,"featured_media":0,"comment_status":"closed","ping_status":"closed","sticky":false,"template":"","format":"standard","meta":{"jetpack_post_was_ever_published":false,"_jetpack_newsletter_access":"","_jetpack_dont_email_post_to_subs":false,"_jetpack_newsletter_tier_id":0,"_jetpack_memberships_contains_paywalled_content":false,"_jetpack_memberships_contains_paid_content":false,"footnotes":"","jetpack_publicize_message":"","jetpack_publicize_feature_enabled":true,"jetpack_social_post_already_shared":true,"jetpack_social_options":{"image_generator_settings":{"template":"highway","default_image_id":0,"font":"","enabled":false},"version":2}},"categories":[125],"tags":[117],"class_list":["post-9418","post","type-post","status-publish","format-standard","hentry","category-terceira","tag-escalada"],"jetpack_publicize_connections":[],"jetpack_featured_media_url":"","jetpack_sharing_enabled":true,"jetpack_shortlink":"https:\/\/wp.me\/paT0CI-2rU","_links":{"self":[{"href":"https:\/\/www.montanheiros.com\/en\/wp-json\/wp\/v2\/posts\/9418","targetHints":{"allow":["GET"]}}],"collection":[{"href":"https:\/\/www.montanheiros.com\/en\/wp-json\/wp\/v2\/posts"}],"about":[{"href":"https:\/\/www.montanheiros.com\/en\/wp-json\/wp\/v2\/types\/post"}],"author":[{"embeddable":true,"href":"https:\/\/www.montanheiros.com\/en\/wp-json\/wp\/v2\/users\/1"}],"replies":[{"embeddable":true,"href":"https:\/\/www.montanheiros.com\/en\/wp-json\/wp\/v2\/comments?post=9418"}],"version-history":[{"count":1,"href":"https:\/\/www.montanheiros.com\/en\/wp-json\/wp\/v2\/posts\/9418\/revisions"}],"predecessor-version":[{"id":9420,"href":"https:\/\/www.montanheiros.com\/en\/wp-json\/wp\/v2\/posts\/9418\/revisions\/9420"}],"wp:attachment":[{"href":"https:\/\/www.montanheiros.com\/en\/wp-json\/wp\/v2\/media?parent=9418"}],"wp:term":[{"taxonomy":"category","embeddable":true,"href":"https:\/\/www.montanheiros.com\/en\/wp-json\/wp\/v2\/categories?post=9418"},{"taxonomy":"post_tag","embeddable":true,"href":"https:\/\/www.montanheiros.com\/en\/wp-json\/wp\/v2\/tags?post=9418"}],"curies":[{"name":"wp","href":"https:\/\/api.w.org\/{rel}","templated":true}]}}