{"id":9421,"date":"2011-10-10T12:59:17","date_gmt":"2011-10-10T12:59:17","guid":{"rendered":"http:\/\/montanheiros.cecilia-designs.com\/?p=9421"},"modified":"2019-05-30T18:40:19","modified_gmt":"2019-05-30T18:40:19","slug":"encerramento-da-temporada-de-caminhadas-2011","status":"publish","type":"post","link":"https:\/\/www.montanheiros.com\/en\/2011\/10\/10\/encerramento-da-temporada-de-caminhadas-2011\/","title":{"rendered":"Encerramento da temporada de caminhadas 2011 \u201cUma ilha por companhia\u201d - ilha Terceira"},"content":{"rendered":"\n<div class=\"wp-block-image\"><figure class=\"alignleft\"><img loading=\"lazy\" decoding=\"async\" width=\"150\" height=\"200\" src=\"http:\/\/montanheiros.cecilia-designs.com\/wp-content\/uploads\/2019\/05\/big1318245189.jpg\" alt=\"\" class=\"wp-image-9422\"\/><\/figure><\/div>\n\n\n\n<p>No pr\u00f3ximo dia 23 de Outubro (Domingo), a Associa\u00e7\u00e3o Os Montanheiros dar\u00e1 por terminada a temporada de caminhadas na natureza &#8220;Uma ilha por companhia&#8221;, temporada esta que contou mais uma vez com o apoio da C\u00e2mara Municipal de Angra do Hero\u00edsmo e com a Culturangra. Foi uma temporada recheada de aventuras, conhecimento e boa disposi\u00e7\u00e3o que agora encerra com chave de ouro. A \u00faltima caminhada ter\u00e1 como destino o Sanguinhal, ser\u00e1 um percurso f\u00e1cil com uma extens\u00e3o m\u00e9dia de 5 Km e ser\u00e1 de curta dura\u00e7\u00e3o (per\u00edodo da manh\u00e3). Ap\u00f3s a caminhada seguir-se-\u00e1 um churrasco oferecido pela organiza\u00e7\u00e3o, por isso, agradec\u00edamos a inscri\u00e7\u00e3o pr\u00e9via at\u00e9 ao dia 20 Out (quinta-feira). Informamos ainda, que este percurso passa numa zona onde existe gado bravo \u00e0 solta, o que requer uma aten\u00e7\u00e3o redobrada por parte dos participantes. Quem n\u00e3o se sentir confort\u00e1vel com esse facto dever\u00e1 ponderar bem a hip\u00f3tese de participar, embora n\u00e3o seja previs\u00edvel qualquer tipo de contratempo. N\u00e3o se esque\u00e7a de levar a sua m\u00e1quina fotogr\u00e1fica, pois o concurso de fotografia fotoNatur 2011 encerra no dia 23 Outubro. O envio de fotografias dever\u00e1 ser feito at\u00e9 ao final do m\u00eas (31 Outubro). Os resultados depois ser\u00e3o divulgados a 1 Dezembro, aquando das celebra\u00e7\u00f5es do 48\u00ba anivers\u00e1rio dos Montanheiros. <\/p>\n\n\n\n<p>HOR\u00c1RIOS: 9:00h \u00e0s 9:30h &#8211; Concentra\u00e7\u00e3o na Sede dos Montanheiros 9:30h &#8211; Partida em caravana autom\u00f3vel at\u00e9 ao Pico da Bagacina 9:40h &#8211; Concentra\u00e7\u00e3o junto ao Pico da Bagacina 9:45h &#8211; Partida em caravana autom\u00f3vel at\u00e9 ao ponto de partida do passeio 10:00h &#8211; Breffing\/ In\u00e1cio da caminhada 13:00h &#8211; Churrasco <\/p>\n\n\n\n<p>RECOMENDA\u00c7\u00d5ES: &#8211; Levar roupa confort\u00f3vel e cal\u00e7ado adequado a caminhada de prefer\u00eancia imperme\u00e1vel &#8211; Levar um pequeno lanche e \u00e1gua &#8211; Seguir as recomenda\u00e7\u00f5es do guia &#8211; N\u00e3o deixar lixo &#8211; N\u00e3o recolher plantas &#8211; Andar sempre no trilho &#8211; Causar o min\u00edmo de impacto na natureza, quer a n\u00edvel f\u00edsico ou sonoro <\/p>\n","protected":false},"excerpt":{"rendered":"<p>No pr\u00f3ximo dia 23 de Outubro (Domingo), a Associa\u00e7\u00e3o Os Montanheiros dar\u00e1 por terminada a temporada de caminhadas na natureza &#8220;Uma ilha por companhia&#8221;, temporada esta que contou mais uma vez com o apoio da C\u00e2mara Municipal de Angra do Hero\u00edsmo e com a Culturangra. Foi uma temporada recheada de aventuras, conhecimento e boa disposi\u00e7\u00e3o [&#8230;]\n","protected":false},"author":1,"featured_media":0,"comment_status":"closed","ping_status":"closed","sticky":false,"template":"","format":"standard","meta":{"jetpack_post_was_ever_published":false,"_jetpack_newsletter_access":"","_jetpack_dont_email_post_to_subs":false,"_jetpack_newsletter_tier_id":0,"_jetpack_memberships_contains_paywalled_content":false,"_jetpack_memberships_contains_paid_content":false,"footnotes":"","jetpack_publicize_message":"","jetpack_publicize_feature_enabled":true,"jetpack_social_post_already_shared":true,"jetpack_social_options":{"image_generator_settings":{"template":"highway","default_image_id":0,"font":"","enabled":false},"version":2}},"categories":[125],"tags":[136],"class_list":["post-9421","post","type-post","status-publish","format-standard","hentry","category-terceira","tag-passeio-pedestre"],"jetpack_publicize_connections":[],"jetpack_featured_media_url":"","jetpack_sharing_enabled":true,"jetpack_shortlink":"https:\/\/wp.me\/paT0CI-2rX","_links":{"self":[{"href":"https:\/\/www.montanheiros.com\/en\/wp-json\/wp\/v2\/posts\/9421","targetHints":{"allow":["GET"]}}],"collection":[{"href":"https:\/\/www.montanheiros.com\/en\/wp-json\/wp\/v2\/posts"}],"about":[{"href":"https:\/\/www.montanheiros.com\/en\/wp-json\/wp\/v2\/types\/post"}],"author":[{"embeddable":true,"href":"https:\/\/www.montanheiros.com\/en\/wp-json\/wp\/v2\/users\/1"}],"replies":[{"embeddable":true,"href":"https:\/\/www.montanheiros.com\/en\/wp-json\/wp\/v2\/comments?post=9421"}],"version-history":[{"count":2,"href":"https:\/\/www.montanheiros.com\/en\/wp-json\/wp\/v2\/posts\/9421\/revisions"}],"predecessor-version":[{"id":9424,"href":"https:\/\/www.montanheiros.com\/en\/wp-json\/wp\/v2\/posts\/9421\/revisions\/9424"}],"wp:attachment":[{"href":"https:\/\/www.montanheiros.com\/en\/wp-json\/wp\/v2\/media?parent=9421"}],"wp:term":[{"taxonomy":"category","embeddable":true,"href":"https:\/\/www.montanheiros.com\/en\/wp-json\/wp\/v2\/categories?post=9421"},{"taxonomy":"post_tag","embeddable":true,"href":"https:\/\/www.montanheiros.com\/en\/wp-json\/wp\/v2\/tags?post=9421"}],"curies":[{"name":"wp","href":"https:\/\/api.w.org\/{rel}","templated":true}]}}