{"id":9558,"date":"2010-11-15T12:13:32","date_gmt":"2010-11-15T12:13:32","guid":{"rendered":"http:\/\/montanheiros.cecilia-designs.com\/?p=9558"},"modified":"2019-06-01T13:03:06","modified_gmt":"2019-06-01T13:03:06","slug":"protocolo-assinado-com-a-associacao-os-montanheiros-e-a-empresa-dream-fit-ilha-terceira","status":"publish","type":"post","link":"https:\/\/www.montanheiros.com\/en\/2010\/11\/15\/protocolo-assinado-com-a-associacao-os-montanheiros-e-a-empresa-dream-fit-ilha-terceira\/","title":{"rendered":"Protocolo assinado com a associa\u00e7\u00e3o os Montanheiros e a empresa \u201cDream Fit\u201d - ilha Terceira"},"content":{"rendered":"\n<div class=\"wp-block-image\"><figure class=\"alignleft\"><img loading=\"lazy\" decoding=\"async\" width=\"200\" height=\"150\" src=\"http:\/\/montanheiros.cecilia-designs.com\/wp-content\/uploads\/2019\/05\/big1289824362.jpg\" alt=\"\" class=\"wp-image-9559\"\/><\/figure><\/div>\n\n\n\n<p>No passado dia 1 de Novembro, foi assinado um protocolo entre a Associa\u00e7\u00e3o Os Montanheiros e com a empresa respons\u00e1vel pelo Wellness Center do Hotel Caracol, a &#8220;Dream Fit&#8221;. O protocolo assinado entre estas duas entidades, com a dura\u00e7\u00e3o de um ano, permitir\u00e1 oferecer aos s\u00f3cios dos Montanheiros novas possibilidadeS de manterem-se em forma e saud\u00e1veis, a pre\u00e7os mais acess\u00edveis. Sendo assim, os s\u00f3cios dos Montanheiros com quota em dia ter\u00e3o direito a uma taxa de inscri\u00e7\u0103o gratuita e um desconto de 25% na mensalidade dos Cart\u0151es VIP, Caracol, Caracol em Forma e Caracol Saud\u00e1vel e aos respectivos c\u00f4njuges e descendentes directos a oferta da taxa de inscri\u00e7\u0103o e 20% de desconto na mensalidade dos mesmos cart\u0151es, mediante a simples apresenta\u00e7\u00e3o do cart\u00e3o de s\u00f3cio dos Montanheiros com quota em dia. <\/p>\n\n\n\n<p>Para ficar mais a par dos diferentes cart\u0151es e seus benef\u00edcios contacte: Wellness Center &#8211; Hotel Caracol Estrada Regional n\u00ba1 Silveira 9700 Angra do Hero\u00edsmo <br>E.mail: wellnesscenter@hotelcaracol.com <br>Telefones: 295402666 Telem\u00f3vel: 926530587 FIQUE EM FORMA PARA A TEMPORADA DE CAMINHADAS NA NATUREZA E PARA AS DIVERSAS ACTIVIDADES E PROVAS 2011 COM OS MONTANHEIROS E COM O WELLNESS CENTER. <\/p>\n","protected":false},"excerpt":{"rendered":"<p>No passado dia 1 de Novembro, foi assinado um protocolo entre a Associa\u00e7\u00e3o Os Montanheiros e com a empresa respons\u00e1vel pelo Wellness Center do Hotel Caracol, a &#8220;Dream Fit&#8221;. O protocolo assinado entre estas duas entidades, com a dura\u00e7\u00e3o de um ano, permitir\u00e1 oferecer aos s\u00f3cios dos Montanheiros novas possibilidadeS de manterem-se em forma e [&#8230;]\n","protected":false},"author":1,"featured_media":0,"comment_status":"closed","ping_status":"closed","sticky":false,"template":"","format":"standard","meta":{"jetpack_post_was_ever_published":false,"_jetpack_newsletter_access":"","_jetpack_dont_email_post_to_subs":false,"_jetpack_newsletter_tier_id":0,"_jetpack_memberships_contains_paywalled_content":false,"_jetpack_memberships_contains_paid_content":false,"footnotes":"","jetpack_publicize_message":"","jetpack_publicize_feature_enabled":true,"jetpack_social_post_already_shared":true,"jetpack_social_options":{"image_generator_settings":{"template":"highway","default_image_id":0,"font":"","enabled":false},"version":2}},"categories":[125],"tags":[332],"class_list":["post-9558","post","type-post","status-publish","format-standard","hentry","category-terceira","tag-protocolo"],"jetpack_publicize_connections":[],"jetpack_featured_media_url":"","jetpack_sharing_enabled":true,"jetpack_shortlink":"https:\/\/wp.me\/paT0CI-2ua","_links":{"self":[{"href":"https:\/\/www.montanheiros.com\/en\/wp-json\/wp\/v2\/posts\/9558","targetHints":{"allow":["GET"]}}],"collection":[{"href":"https:\/\/www.montanheiros.com\/en\/wp-json\/wp\/v2\/posts"}],"about":[{"href":"https:\/\/www.montanheiros.com\/en\/wp-json\/wp\/v2\/types\/post"}],"author":[{"embeddable":true,"href":"https:\/\/www.montanheiros.com\/en\/wp-json\/wp\/v2\/users\/1"}],"replies":[{"embeddable":true,"href":"https:\/\/www.montanheiros.com\/en\/wp-json\/wp\/v2\/comments?post=9558"}],"version-history":[{"count":1,"href":"https:\/\/www.montanheiros.com\/en\/wp-json\/wp\/v2\/posts\/9558\/revisions"}],"predecessor-version":[{"id":9560,"href":"https:\/\/www.montanheiros.com\/en\/wp-json\/wp\/v2\/posts\/9558\/revisions\/9560"}],"wp:attachment":[{"href":"https:\/\/www.montanheiros.com\/en\/wp-json\/wp\/v2\/media?parent=9558"}],"wp:term":[{"taxonomy":"category","embeddable":true,"href":"https:\/\/www.montanheiros.com\/en\/wp-json\/wp\/v2\/categories?post=9558"},{"taxonomy":"post_tag","embeddable":true,"href":"https:\/\/www.montanheiros.com\/en\/wp-json\/wp\/v2\/tags?post=9558"}],"curies":[{"name":"wp","href":"https:\/\/api.w.org\/{rel}","templated":true}]}}