{"id":9617,"date":"2010-07-30T07:45:26","date_gmt":"2010-07-30T07:45:26","guid":{"rendered":"http:\/\/montanheiros.cecilia-designs.com\/?p=9617"},"modified":"2019-06-01T13:08:40","modified_gmt":"2019-06-01T13:08:40","slug":"algar-do-carvao-uma-das-cinco-maravilhas-dos-acores-veja-webisodio-2-ilha-terceira","status":"publish","type":"post","link":"https:\/\/www.montanheiros.com\/en\/2010\/07\/30\/algar-do-carvao-uma-das-cinco-maravilhas-dos-acores-veja-webisodio-2-ilha-terceira\/","title":{"rendered":"Algar do Carv\u00e3o, uma das Cinco Maravilhas dos A\u00e7ores, veja webis\u00f3dio 2- ilha Terceira"},"content":{"rendered":"\n<p>J\u00e1 conhece a campanha das 5 maravilhas naturais dos A\u00e7ores? Est\u00e1 a par da s\u00e9rie &#8220;Lost in Azores&#8221;? N\u00e3o perca o fio \u00e0 meada e consulte o site www.acores5maravilhas.com. Veja aqui o 2\u00ba Webis\u00f3dio: <\/p>\n\n\n\n<figure class=\"wp-block-embed-youtube wp-block-embed is-type-video is-provider-youtube wp-embed-aspect-16-9 wp-has-aspect-ratio\"><div class=\"wp-block-embed__wrapper\">\n<span class=\"embed-youtube\" style=\"text-align:center; display: block;\"><iframe loading=\"lazy\" class=\"youtube-player\" width=\"1020\" height=\"574\" src=\"https:\/\/www.youtube.com\/embed\/zscmcgE3btM?version=3&#038;rel=1&#038;showsearch=0&#038;showinfo=1&#038;iv_load_policy=1&#038;fs=1&#038;hl=en-GB&#038;autohide=2&#038;wmode=transparent\" allowfullscreen=\"true\" style=\"border:0;\" sandbox=\"allow-scripts allow-same-origin allow-popups allow-presentation allow-popups-to-escape-sandbox\"><\/iframe><\/span>\n<\/div><\/figure>\n\n\n\n<p>ALGAR DO CARV\u00c3O\u2026.ilha Terceira\u2026 fora de s\u00e9rie\u2026 isto \u00e0 lindo\u2026 inegual\u00e1vel\u2026.&#8221; &#8211; exclamaram os perdidos VOTE NA SUA MARAVILHA! V\u00c1 L\u00c1, DECLARE-SE \u00c0 NATUREZA\u2026E PASSE A PALAVRA <\/p>\n\n\n\n<p><\/p>\n","protected":false},"excerpt":{"rendered":"<p>J\u00e1 conhece a campanha das 5 maravilhas naturais dos A\u00e7ores? Est\u00e1 a par da s\u00e9rie &#8220;Lost in Azores&#8221;? N\u00e3o perca o fio \u00e0 meada e consulte o site www.acores5maravilhas.com. Veja aqui o 2\u00ba Webis\u00f3dio: ALGAR DO CARV\u00c3O\u2026.ilha Terceira\u2026 fora de s\u00e9rie\u2026 isto \u00e0 lindo\u2026 inegual\u00e1vel\u2026.&#8221; &#8211; exclamaram os perdidos VOTE NA SUA MARAVILHA! V\u00c1 L\u00c1, [&#8230;]\n","protected":false},"author":1,"featured_media":0,"comment_status":"closed","ping_status":"closed","sticky":false,"template":"","format":"standard","meta":{"jetpack_post_was_ever_published":false,"_jetpack_newsletter_access":"","_jetpack_dont_email_post_to_subs":false,"_jetpack_newsletter_tier_id":0,"_jetpack_memberships_contains_paywalled_content":false,"_jetpack_memberships_contains_paid_content":false,"footnotes":"","jetpack_publicize_message":"","jetpack_publicize_feature_enabled":true,"jetpack_social_post_already_shared":true,"jetpack_social_options":{"image_generator_settings":{"template":"highway","default_image_id":0,"font":"","enabled":false},"version":2}},"categories":[125],"tags":[162,341],"class_list":["post-9617","post","type-post","status-publish","format-standard","hentry","category-terceira","tag-algar-do-carvao","tag-webisodio"],"jetpack_publicize_connections":[],"jetpack_featured_media_url":"","jetpack_sharing_enabled":true,"jetpack_shortlink":"https:\/\/wp.me\/paT0CI-2v7","_links":{"self":[{"href":"https:\/\/www.montanheiros.com\/en\/wp-json\/wp\/v2\/posts\/9617","targetHints":{"allow":["GET"]}}],"collection":[{"href":"https:\/\/www.montanheiros.com\/en\/wp-json\/wp\/v2\/posts"}],"about":[{"href":"https:\/\/www.montanheiros.com\/en\/wp-json\/wp\/v2\/types\/post"}],"author":[{"embeddable":true,"href":"https:\/\/www.montanheiros.com\/en\/wp-json\/wp\/v2\/users\/1"}],"replies":[{"embeddable":true,"href":"https:\/\/www.montanheiros.com\/en\/wp-json\/wp\/v2\/comments?post=9617"}],"version-history":[{"count":1,"href":"https:\/\/www.montanheiros.com\/en\/wp-json\/wp\/v2\/posts\/9617\/revisions"}],"predecessor-version":[{"id":9618,"href":"https:\/\/www.montanheiros.com\/en\/wp-json\/wp\/v2\/posts\/9617\/revisions\/9618"}],"wp:attachment":[{"href":"https:\/\/www.montanheiros.com\/en\/wp-json\/wp\/v2\/media?parent=9617"}],"wp:term":[{"taxonomy":"category","embeddable":true,"href":"https:\/\/www.montanheiros.com\/en\/wp-json\/wp\/v2\/categories?post=9617"},{"taxonomy":"post_tag","embeddable":true,"href":"https:\/\/www.montanheiros.com\/en\/wp-json\/wp\/v2\/tags?post=9617"}],"curies":[{"name":"wp","href":"https:\/\/api.w.org\/{rel}","templated":true}]}}