{"id":9626,"date":"2010-07-22T07:58:06","date_gmt":"2010-07-22T07:58:06","guid":{"rendered":"http:\/\/montanheiros.cecilia-designs.com\/?p=9626"},"modified":"2019-06-01T13:08:51","modified_gmt":"2019-06-01T13:08:51","slug":"1o-rocodromo-dos-acores-ilha-terceira","status":"publish","type":"post","link":"https:\/\/www.montanheiros.com\/en\/2010\/07\/22\/1o-rocodromo-dos-acores-ilha-terceira\/","title":{"rendered":"1\u00ba Roc\u00f3dromo dos A\u00e7ores - ilha Terceira"},"content":{"rendered":"\n<div class=\"wp-block-image\"><figure class=\"alignleft\"><img loading=\"lazy\" decoding=\"async\" width=\"150\" height=\"200\" src=\"http:\/\/montanheiros.cecilia-designs.com\/wp-content\/uploads\/2019\/06\/big1279799111.jpg\" alt=\"\" class=\"wp-image-9627\"\/><\/figure><\/div>\n\n\n\n<p>O roc\u00f3dromo situa-se no Regimento de Guarni\u00e7\u00e3o N\u00ba1, no Castelo de S\u0103o Jo\u0103o Batista, num gin\u00e1sio anteriormente utilizado pelos militares. Agora \u00e9 um espa\u00e7o vocacionado para o treino da escalada e \u00e9 da responsabilidade da Associa\u00e7\u00e3o Os Montanheiros. A exist\u0119ncia desse espa\u00e7o s\u00f3 foi poss\u00edvel com a jun\u00e7\u00e3o de esfor\u00e7os do Ex\u00e9rcito do Regimento de Guarni\u00e7\u00e3o N\u00ba1 e da Associa\u00e7\u00e3o Os Montanheiros. Este novo espa\u00e7o est\u00e1 aberto a todos os interessados durante a semana das 18:30h \u00e0s 22h e aos fins-de-semana das 9:30h \u00e0s 18h. No passado dia 17 de Julho (s\u00e1bado) decorreu a primeira prova de boulder estreando assim o 1\u00ba roc\u00f3dromo dos A\u00e7ores e uma das 5 infra-estruturas do g\u00e9nero no pa\u00eds. A prova contou com a participa\u00e7\u0103o de 20 atletas locais e a presen\u00e7a de muitos curiosos. <\/p>\n","protected":false},"excerpt":{"rendered":"<p>O roc\u00f3dromo situa-se no Regimento de Guarni\u00e7\u00e3o N\u00ba1, no Castelo de S\u0103o Jo\u0103o Batista, num gin\u00e1sio anteriormente utilizado pelos militares. Agora \u00e9 um espa\u00e7o vocacionado para o treino da escalada e \u00e9 da responsabilidade da Associa\u00e7\u00e3o Os Montanheiros. A exist\u0119ncia desse espa\u00e7o s\u00f3 foi poss\u00edvel com a jun\u00e7\u00e3o de esfor\u00e7os do Ex\u00e9rcito do Regimento de [&#8230;]\n","protected":false},"author":1,"featured_media":0,"comment_status":"closed","ping_status":"closed","sticky":false,"template":"","format":"standard","meta":{"jetpack_post_was_ever_published":false,"_jetpack_newsletter_access":"","_jetpack_dont_email_post_to_subs":false,"_jetpack_newsletter_tier_id":0,"_jetpack_memberships_contains_paywalled_content":false,"_jetpack_memberships_contains_paid_content":false,"footnotes":"","jetpack_publicize_message":"","jetpack_publicize_feature_enabled":true,"jetpack_social_post_already_shared":true,"jetpack_social_options":{"image_generator_settings":{"template":"highway","default_image_id":0,"font":"","enabled":false},"version":2}},"categories":[125],"tags":[117,342],"class_list":["post-9626","post","type-post","status-publish","format-standard","hentry","category-terceira","tag-escalada","tag-rocodromo"],"jetpack_publicize_connections":[],"jetpack_featured_media_url":"","jetpack_sharing_enabled":true,"jetpack_shortlink":"https:\/\/wp.me\/paT0CI-2vg","_links":{"self":[{"href":"https:\/\/www.montanheiros.com\/en\/wp-json\/wp\/v2\/posts\/9626","targetHints":{"allow":["GET"]}}],"collection":[{"href":"https:\/\/www.montanheiros.com\/en\/wp-json\/wp\/v2\/posts"}],"about":[{"href":"https:\/\/www.montanheiros.com\/en\/wp-json\/wp\/v2\/types\/post"}],"author":[{"embeddable":true,"href":"https:\/\/www.montanheiros.com\/en\/wp-json\/wp\/v2\/users\/1"}],"replies":[{"embeddable":true,"href":"https:\/\/www.montanheiros.com\/en\/wp-json\/wp\/v2\/comments?post=9626"}],"version-history":[{"count":1,"href":"https:\/\/www.montanheiros.com\/en\/wp-json\/wp\/v2\/posts\/9626\/revisions"}],"predecessor-version":[{"id":9628,"href":"https:\/\/www.montanheiros.com\/en\/wp-json\/wp\/v2\/posts\/9626\/revisions\/9628"}],"wp:attachment":[{"href":"https:\/\/www.montanheiros.com\/en\/wp-json\/wp\/v2\/media?parent=9626"}],"wp:term":[{"taxonomy":"category","embeddable":true,"href":"https:\/\/www.montanheiros.com\/en\/wp-json\/wp\/v2\/categories?post=9626"},{"taxonomy":"post_tag","embeddable":true,"href":"https:\/\/www.montanheiros.com\/en\/wp-json\/wp\/v2\/tags?post=9626"}],"curies":[{"name":"wp","href":"https:\/\/api.w.org\/{rel}","templated":true}]}}