{"id":9629,"date":"2010-07-19T08:00:05","date_gmt":"2010-07-19T08:00:05","guid":{"rendered":"http:\/\/montanheiros.cecilia-designs.com\/?p=9629"},"modified":"2019-06-01T13:20:46","modified_gmt":"2019-06-01T13:20:46","slug":"montanheiros-participam-no-alerta-contra-a-doenca-do-cancro-ilha-terceira","status":"publish","type":"post","link":"https:\/\/www.montanheiros.com\/en\/2010\/07\/19\/montanheiros-participam-no-alerta-contra-a-doenca-do-cancro-ilha-terceira\/","title":{"rendered":"Montanheiros participam no alerta contra a doen\u00e7a do cancro - ilha Terceira"},"content":{"rendered":"\n<p>A Associa\u00e7\u00e3o Os Montanheiros colaborou nas celebra\u00e7\u0151es do 44\u00ba anivers\u00e1rio do N\u00facleo Regional da Liga Portuguesa Contra o Cancro, com a exibi\u00e7\u0103o de um v\u00eddeo alertando para os perigos da doen\u00e7a e sua preven\u00e7\u0103o. Esta ac\u00e7\u0103o teve lugar no passado Domingo, 11 Julho, no Centro Cultural e Congressos de Angra do Hero\u00edsmo. Durante a exibi\u00e7\u0103o do v\u00eddeo decorreram v\u00e1rias actividades paralelas nomeadamente a degusta\u00e7\u0103o de pratos saud\u00e1veis com o devido acompanhamento de quem os preparava e das nutricionistas (Dra. Andreia e Dra. Cl\u00e1udia); sess\u0151es de PNF-CHI (Dra. Eva) e de Ioga (S\u00e3o Quadros) e por fim a actua\u00e7\u0103o de jovens m\u00fasicos e cantores da Escola Tom\u00e1s de Borba. <\/p>\n\n\n\n<figure class=\"wp-block-embed-youtube wp-block-embed is-type-video is-provider-youtube wp-embed-aspect-4-3 wp-has-aspect-ratio\"><div class=\"wp-block-embed__wrapper\">\n<span class=\"embed-youtube\" style=\"text-align:center; display: block;\"><iframe loading=\"lazy\" class=\"youtube-player\" width=\"1020\" height=\"574\" src=\"https:\/\/www.youtube.com\/embed\/pvySwRBeBa4?version=3&#038;rel=1&#038;showsearch=0&#038;showinfo=1&#038;iv_load_policy=1&#038;fs=1&#038;hl=en-GB&#038;autohide=2&#038;wmode=transparent\" allowfullscreen=\"true\" style=\"border:0;\" sandbox=\"allow-scripts allow-same-origin allow-popups allow-presentation allow-popups-to-escape-sandbox\"><\/iframe><\/span>\n<\/div><\/figure>\n","protected":false},"excerpt":{"rendered":"<p>A Associa\u00e7\u00e3o Os Montanheiros colaborou nas celebra\u00e7\u0151es do 44\u00ba anivers\u00e1rio do N\u00facleo Regional da Liga Portuguesa Contra o Cancro, com a exibi\u00e7\u0103o de um v\u00eddeo alertando para os perigos da doen\u00e7a e sua preven\u00e7\u0103o. Esta ac\u00e7\u0103o teve lugar no passado Domingo, 11 Julho, no Centro Cultural e Congressos de Angra do Hero\u00edsmo. Durante a exibi\u00e7\u0103o [&#8230;]\n","protected":false},"author":1,"featured_media":0,"comment_status":"closed","ping_status":"closed","sticky":false,"template":"","format":"standard","meta":{"jetpack_post_was_ever_published":false,"_jetpack_newsletter_access":"","_jetpack_dont_email_post_to_subs":false,"_jetpack_newsletter_tier_id":0,"_jetpack_memberships_contains_paywalled_content":false,"_jetpack_memberships_contains_paid_content":false,"footnotes":"","jetpack_publicize_message":"","jetpack_publicize_feature_enabled":true,"jetpack_social_post_already_shared":true,"jetpack_social_options":{"image_generator_settings":{"template":"highway","default_image_id":0,"font":"","enabled":false},"version":2}},"categories":[125],"tags":[344],"class_list":["post-9629","post","type-post","status-publish","format-standard","hentry","category-terceira","tag-cancro"],"jetpack_publicize_connections":[],"jetpack_featured_media_url":"","jetpack_sharing_enabled":true,"jetpack_shortlink":"https:\/\/wp.me\/paT0CI-2vj","_links":{"self":[{"href":"https:\/\/www.montanheiros.com\/en\/wp-json\/wp\/v2\/posts\/9629","targetHints":{"allow":["GET"]}}],"collection":[{"href":"https:\/\/www.montanheiros.com\/en\/wp-json\/wp\/v2\/posts"}],"about":[{"href":"https:\/\/www.montanheiros.com\/en\/wp-json\/wp\/v2\/types\/post"}],"author":[{"embeddable":true,"href":"https:\/\/www.montanheiros.com\/en\/wp-json\/wp\/v2\/users\/1"}],"replies":[{"embeddable":true,"href":"https:\/\/www.montanheiros.com\/en\/wp-json\/wp\/v2\/comments?post=9629"}],"version-history":[{"count":1,"href":"https:\/\/www.montanheiros.com\/en\/wp-json\/wp\/v2\/posts\/9629\/revisions"}],"predecessor-version":[{"id":9630,"href":"https:\/\/www.montanheiros.com\/en\/wp-json\/wp\/v2\/posts\/9629\/revisions\/9630"}],"wp:attachment":[{"href":"https:\/\/www.montanheiros.com\/en\/wp-json\/wp\/v2\/media?parent=9629"}],"wp:term":[{"taxonomy":"category","embeddable":true,"href":"https:\/\/www.montanheiros.com\/en\/wp-json\/wp\/v2\/categories?post=9629"},{"taxonomy":"post_tag","embeddable":true,"href":"https:\/\/www.montanheiros.com\/en\/wp-json\/wp\/v2\/tags?post=9629"}],"curies":[{"name":"wp","href":"https:\/\/api.w.org\/{rel}","templated":true}]}}