{"id":9655,"date":"2010-06-07T08:21:53","date_gmt":"2010-06-07T08:21:53","guid":{"rendered":"http:\/\/montanheiros.cecilia-designs.com\/?p=9655"},"modified":"2019-06-01T13:41:55","modified_gmt":"2019-06-01T13:41:55","slug":"revista-vertigem-lancamento-do-primeiro-numero","status":"publish","type":"post","link":"https:\/\/www.montanheiros.com\/en\/2010\/06\/07\/revista-vertigem-lancamento-do-primeiro-numero\/","title":{"rendered":"Revista \u201cvertigem\u201d, lan\u00e7amento do primeiro n\u00famero"},"content":{"rendered":"\n<p>Acabou de sair o 1\u00ba n\u00famero da revista VERTIGEM, que cobre temas variados na \u00e1rea da escalada, montanhismo e aventura geral. Trata-se de um projecto online, gratuita e dispon\u00edvel para download, elaborada por um grupo de escaladores e sem quaisquer fins lucrativos. A revista est\u00e1 dispon\u00edvel em: http:\/\/www.vertigem-mag.com\/revista A revista VERTIGEM est\u00e1 ainda aberta a colaboradores para os pr\u00f3ximos n\u00fameros de quantos queiram participar com artigos, cr\u00f3nicas ou fotografias nesta abrangente \u00e1rea. <\/p>\n","protected":false},"excerpt":{"rendered":"<p>Acabou de sair o 1\u00ba n\u00famero da revista VERTIGEM, que cobre temas variados na \u00e1rea da escalada, montanhismo e aventura geral. Trata-se de um projecto online, gratuita e dispon\u00edvel para download, elaborada por um grupo de escaladores e sem quaisquer fins lucrativos. A revista est\u00e1 dispon\u00edvel em: http:\/\/www.vertigem-mag.com\/revista A revista VERTIGEM est\u00e1 ainda aberta a [&#8230;]\n","protected":false},"author":1,"featured_media":0,"comment_status":"closed","ping_status":"closed","sticky":false,"template":"","format":"standard","meta":{"jetpack_post_was_ever_published":false,"_jetpack_newsletter_access":"","_jetpack_dont_email_post_to_subs":false,"_jetpack_newsletter_tier_id":0,"_jetpack_memberships_contains_paywalled_content":false,"_jetpack_memberships_contains_paid_content":false,"footnotes":"","jetpack_publicize_message":"","jetpack_publicize_feature_enabled":true,"jetpack_social_post_already_shared":true,"jetpack_social_options":{"image_generator_settings":{"template":"highway","default_image_id":0,"font":"","enabled":false},"version":2}},"categories":[125],"tags":[347],"class_list":["post-9655","post","type-post","status-publish","format-standard","hentry","category-terceira","tag-revista-vertigem"],"jetpack_publicize_connections":[],"jetpack_featured_media_url":"","jetpack_sharing_enabled":true,"jetpack_shortlink":"https:\/\/wp.me\/paT0CI-2vJ","_links":{"self":[{"href":"https:\/\/www.montanheiros.com\/en\/wp-json\/wp\/v2\/posts\/9655","targetHints":{"allow":["GET"]}}],"collection":[{"href":"https:\/\/www.montanheiros.com\/en\/wp-json\/wp\/v2\/posts"}],"about":[{"href":"https:\/\/www.montanheiros.com\/en\/wp-json\/wp\/v2\/types\/post"}],"author":[{"embeddable":true,"href":"https:\/\/www.montanheiros.com\/en\/wp-json\/wp\/v2\/users\/1"}],"replies":[{"embeddable":true,"href":"https:\/\/www.montanheiros.com\/en\/wp-json\/wp\/v2\/comments?post=9655"}],"version-history":[{"count":1,"href":"https:\/\/www.montanheiros.com\/en\/wp-json\/wp\/v2\/posts\/9655\/revisions"}],"predecessor-version":[{"id":9656,"href":"https:\/\/www.montanheiros.com\/en\/wp-json\/wp\/v2\/posts\/9655\/revisions\/9656"}],"wp:attachment":[{"href":"https:\/\/www.montanheiros.com\/en\/wp-json\/wp\/v2\/media?parent=9655"}],"wp:term":[{"taxonomy":"category","embeddable":true,"href":"https:\/\/www.montanheiros.com\/en\/wp-json\/wp\/v2\/categories?post=9655"},{"taxonomy":"post_tag","embeddable":true,"href":"https:\/\/www.montanheiros.com\/en\/wp-json\/wp\/v2\/tags?post=9655"}],"curies":[{"name":"wp","href":"https:\/\/api.w.org\/{rel}","templated":true}]}}