{"id":9733,"date":"2010-03-09T10:05:21","date_gmt":"2010-03-09T10:05:21","guid":{"rendered":"http:\/\/montanheiros.cecilia-designs.com\/?p=9733"},"modified":"2019-06-01T14:03:00","modified_gmt":"2019-06-01T14:03:00","slug":"alteracao-de-data-passeio-pedestre-faja-dalem-nucleo-s-jorge","status":"publish","type":"post","link":"https:\/\/www.montanheiros.com\/en\/2010\/03\/09\/alteracao-de-data-passeio-pedestre-faja-dalem-nucleo-s-jorge\/","title":{"rendered":"Altera\u00e7\u00e3o de data - passeio pedestre: Faj\u00e3 d\u2019Al\u00e9m (N\u00facleo S. Jorge)"},"content":{"rendered":"\n<div class=\"wp-block-image\"><figure class=\"alignleft\"><img loading=\"lazy\" decoding=\"async\" width=\"150\" height=\"200\" src=\"http:\/\/montanheiros.cecilia-designs.com\/wp-content\/uploads\/2019\/06\/big1268326112.png\" alt=\"\" class=\"wp-image-9734\"\/><\/figure><\/div>\n\n\n\n<p>Caros associados, Informamos que o passeio do pr\u00f3ximo dia 13 de Mar\u00e7o foi cancelado devido \u00e0s condi\u00e7\u00f5es climat\u00e9ricas. Deste modo, o Passeio Pedestre: Faj\u00e3 d&#8217; Al\u00e9m ser\u00e1 realizado no dia 20 de Mar\u00e7o. Este passeio \u00e9 organizado pelos Montanheiros &#8211; N\u00facleo de S\u00e3o Jorge e ter\u00e1 como cicerone o Sr. Jorge Santos. Ponto de Encontro: Igreja de Santo Ant\u00f3nio &#8211; 10:00H. O passeio dever\u00e1 ter um grau de dificuldade m\u00e9dia e uma dura\u00e7\u00e3o aproximada de 5 Horas. N\u00e3o se esque\u00e7am de levar almo\u00e7o e equipamento adequado. Est\u00e1 actividade estar\u00e1 dependente das condi\u00e7\u00f5es climat\u00e9ricas. Venham connosco promover a pr\u00e1tica do pedestrianismo e despertar para a interpreta\u00e7\u00e3o dos valores da paisagem e do espa\u00e7o natural! Para mais informa\u00e7\u00f5es contacte-nos. A Direc\u00e7\u00e3o <\/p>\n","protected":false},"excerpt":{"rendered":"<p>Caros associados, Informamos que o passeio do pr\u00f3ximo dia 13 de Mar\u00e7o foi cancelado devido \u00e0s condi\u00e7\u00f5es climat\u00e9ricas. Deste modo, o Passeio Pedestre: Faj\u00e3 d&#8217; Al\u00e9m ser\u00e1 realizado no dia 20 de Mar\u00e7o. Este passeio \u00e9 organizado pelos Montanheiros &#8211; N\u00facleo de S\u00e3o Jorge e ter\u00e1 como cicerone o Sr. Jorge Santos. Ponto de Encontro: [&#8230;]\n","protected":false},"author":1,"featured_media":0,"comment_status":"closed","ping_status":"closed","sticky":false,"template":"","format":"standard","meta":{"jetpack_post_was_ever_published":false,"_jetpack_newsletter_access":"","_jetpack_dont_email_post_to_subs":false,"_jetpack_newsletter_tier_id":0,"_jetpack_memberships_contains_paywalled_content":false,"_jetpack_memberships_contains_paid_content":false,"footnotes":"","jetpack_publicize_message":"","jetpack_publicize_feature_enabled":true,"jetpack_social_post_already_shared":true,"jetpack_social_options":{"image_generator_settings":{"template":"highway","default_image_id":0,"font":"","enabled":false},"version":2}},"categories":[124],"tags":[164,136],"class_list":["post-9733","post","type-post","status-publish","format-standard","hentry","category-sjorge","tag-faja-dalem","tag-passeio-pedestre"],"jetpack_publicize_connections":[],"jetpack_featured_media_url":"","jetpack_sharing_enabled":true,"jetpack_shortlink":"https:\/\/wp.me\/paT0CI-2wZ","_links":{"self":[{"href":"https:\/\/www.montanheiros.com\/en\/wp-json\/wp\/v2\/posts\/9733","targetHints":{"allow":["GET"]}}],"collection":[{"href":"https:\/\/www.montanheiros.com\/en\/wp-json\/wp\/v2\/posts"}],"about":[{"href":"https:\/\/www.montanheiros.com\/en\/wp-json\/wp\/v2\/types\/post"}],"author":[{"embeddable":true,"href":"https:\/\/www.montanheiros.com\/en\/wp-json\/wp\/v2\/users\/1"}],"replies":[{"embeddable":true,"href":"https:\/\/www.montanheiros.com\/en\/wp-json\/wp\/v2\/comments?post=9733"}],"version-history":[{"count":1,"href":"https:\/\/www.montanheiros.com\/en\/wp-json\/wp\/v2\/posts\/9733\/revisions"}],"predecessor-version":[{"id":9735,"href":"https:\/\/www.montanheiros.com\/en\/wp-json\/wp\/v2\/posts\/9733\/revisions\/9735"}],"wp:attachment":[{"href":"https:\/\/www.montanheiros.com\/en\/wp-json\/wp\/v2\/media?parent=9733"}],"wp:term":[{"taxonomy":"category","embeddable":true,"href":"https:\/\/www.montanheiros.com\/en\/wp-json\/wp\/v2\/categories?post=9733"},{"taxonomy":"post_tag","embeddable":true,"href":"https:\/\/www.montanheiros.com\/en\/wp-json\/wp\/v2\/tags?post=9733"}],"curies":[{"name":"wp","href":"https:\/\/api.w.org\/{rel}","templated":true}]}}