{"id":9764,"date":"2010-01-13T10:23:39","date_gmt":"2010-01-13T10:23:39","guid":{"rendered":"http:\/\/montanheiros.cecilia-designs.com\/?p=9764"},"modified":"2019-06-01T14:06:57","modified_gmt":"2019-06-01T14:06:57","slug":"actividade-de-escalada-desportiva-nucleo-de-s-jorge","status":"publish","type":"post","link":"https:\/\/www.montanheiros.com\/en\/2010\/01\/13\/actividade-de-escalada-desportiva-nucleo-de-s-jorge\/","title":{"rendered":"Actividade de escalada desportiva - N\u00facleo de S. Jorge"},"content":{"rendered":"\n<div class=\"wp-block-image\"><figure class=\"alignleft\"><img loading=\"lazy\" decoding=\"async\" width=\"150\" height=\"200\" src=\"http:\/\/montanheiros.cecilia-designs.com\/wp-content\/uploads\/2019\/06\/big1263405654.png\" alt=\"\" class=\"wp-image-9765\"\/><\/figure><\/div>\n\n\n\n<p>Pr\u00f3ximo dia 16 de Janeiro, s\u00e1bado, ir\u00e1 decorrer uma Actividade de Escalada a partir das 14:00 horas, na Faj\u00e3 do Ouvidor. Inscreva-se. Relembro que devem vestir-se adequadamente e que esta actividade est\u00e1 dependente das condi\u00e7\u00f5es climat\u00e9ricas. Para mais informa\u00e7\u00f5es veja o nosso cartaz de divulga\u00e7\u00e3o ou contacte-nos. <\/p>\n","protected":false},"excerpt":{"rendered":"<p>Pr\u00f3ximo dia 16 de Janeiro, s\u00e1bado, ir\u00e1 decorrer uma Actividade de Escalada a partir das 14:00 horas, na Faj\u00e3 do Ouvidor. Inscreva-se. Relembro que devem vestir-se adequadamente e que esta actividade est\u00e1 dependente das condi\u00e7\u00f5es climat\u00e9ricas. Para mais informa\u00e7\u00f5es veja o nosso cartaz de divulga\u00e7\u00e3o ou contacte-nos.<\/p>\n","protected":false},"author":1,"featured_media":0,"comment_status":"closed","ping_status":"closed","sticky":false,"template":"","format":"standard","meta":{"jetpack_post_was_ever_published":false,"_jetpack_newsletter_access":"","_jetpack_dont_email_post_to_subs":false,"_jetpack_newsletter_tier_id":0,"_jetpack_memberships_contains_paywalled_content":false,"_jetpack_memberships_contains_paid_content":false,"footnotes":"","jetpack_publicize_message":"","jetpack_publicize_feature_enabled":true,"jetpack_social_post_already_shared":true,"jetpack_social_options":{"image_generator_settings":{"template":"highway","default_image_id":0,"font":"","enabled":false},"version":2}},"categories":[124],"tags":[117],"class_list":["post-9764","post","type-post","status-publish","format-standard","hentry","category-sjorge","tag-escalada"],"jetpack_publicize_connections":[],"jetpack_featured_media_url":"","jetpack_sharing_enabled":true,"jetpack_shortlink":"https:\/\/wp.me\/paT0CI-2xu","_links":{"self":[{"href":"https:\/\/www.montanheiros.com\/en\/wp-json\/wp\/v2\/posts\/9764","targetHints":{"allow":["GET"]}}],"collection":[{"href":"https:\/\/www.montanheiros.com\/en\/wp-json\/wp\/v2\/posts"}],"about":[{"href":"https:\/\/www.montanheiros.com\/en\/wp-json\/wp\/v2\/types\/post"}],"author":[{"embeddable":true,"href":"https:\/\/www.montanheiros.com\/en\/wp-json\/wp\/v2\/users\/1"}],"replies":[{"embeddable":true,"href":"https:\/\/www.montanheiros.com\/en\/wp-json\/wp\/v2\/comments?post=9764"}],"version-history":[{"count":1,"href":"https:\/\/www.montanheiros.com\/en\/wp-json\/wp\/v2\/posts\/9764\/revisions"}],"predecessor-version":[{"id":9766,"href":"https:\/\/www.montanheiros.com\/en\/wp-json\/wp\/v2\/posts\/9764\/revisions\/9766"}],"wp:attachment":[{"href":"https:\/\/www.montanheiros.com\/en\/wp-json\/wp\/v2\/media?parent=9764"}],"wp:term":[{"taxonomy":"category","embeddable":true,"href":"https:\/\/www.montanheiros.com\/en\/wp-json\/wp\/v2\/categories?post=9764"},{"taxonomy":"post_tag","embeddable":true,"href":"https:\/\/www.montanheiros.com\/en\/wp-json\/wp\/v2\/tags?post=9764"}],"curies":[{"name":"wp","href":"https:\/\/api.w.org\/{rel}","templated":true}]}}