{"id":9831,"date":"2009-08-10T12:44:46","date_gmt":"2009-08-10T12:44:46","guid":{"rendered":"http:\/\/montanheiros.cecilia-designs.com\/?p=9831"},"modified":"2019-06-01T14:12:09","modified_gmt":"2019-06-01T14:12:09","slug":"dia-mundial-para-a-conservacao-da-natureza","status":"publish","type":"post","link":"https:\/\/www.montanheiros.com\/en\/2009\/08\/10\/dia-mundial-para-a-conservacao-da-natureza\/","title":{"rendered":"Dia Mundial para a Conserva\u00e7\u00e3o da Natureza"},"content":{"rendered":"\n<div class=\"wp-block-image\"><figure class=\"alignleft\"><img loading=\"lazy\" decoding=\"async\" width=\"200\" height=\"150\" src=\"http:\/\/montanheiros.cecilia-designs.com\/wp-content\/uploads\/2019\/06\/big1249904720.jpg\" alt=\"\" class=\"wp-image-9832\"\/><\/figure><\/div>\n\n\n\n<p>Por ocasi\u00e3o das comemora\u00e7\u00f5es do Dia Mundial da Conserva\u00e7\u00e3o da Natureza, a Ecoteca de Angra do Hero\u00edsmo realizou diversas actividades: visita \u00e0 ZPE das Contendas com crian\u00e7as do Centro Comunit\u00e1rio da Terra-ch\u00e3, sess\u00e3o de conto e reflex\u00e3o sobre biodiversidade na Biblioteca Infanto-juvenil de Angra do Hero\u00edsmo, passeio pedestre em parceria com a CMAH e visita ao Algar do Carv\u00e3o e \u00e0 Gruta do Natal com jovens do Projecto MOSAICO (Casa do Povo de Vila Franca do Campo). Fica aqui algum registo fotogr\u00e1fico e o nosso obrigado \u00e0s entidades parceiras envolvidas. <\/p>\n","protected":false},"excerpt":{"rendered":"<p>Por ocasi\u00e3o das comemora\u00e7\u00f5es do Dia Mundial da Conserva\u00e7\u00e3o da Natureza, a Ecoteca de Angra do Hero\u00edsmo realizou diversas actividades: visita \u00e0 ZPE das Contendas com crian\u00e7as do Centro Comunit\u00e1rio da Terra-ch\u00e3, sess\u00e3o de conto e reflex\u00e3o sobre biodiversidade na Biblioteca Infanto-juvenil de Angra do Hero\u00edsmo, passeio pedestre em parceria com a CMAH e visita [&#8230;]\n","protected":false},"author":1,"featured_media":0,"comment_status":"closed","ping_status":"closed","sticky":false,"template":"","format":"standard","meta":{"jetpack_post_was_ever_published":false,"_jetpack_newsletter_access":"","_jetpack_dont_email_post_to_subs":false,"_jetpack_newsletter_tier_id":0,"_jetpack_memberships_contains_paywalled_content":false,"_jetpack_memberships_contains_paid_content":false,"footnotes":"","jetpack_publicize_message":"","jetpack_publicize_feature_enabled":true,"jetpack_social_post_already_shared":true,"jetpack_social_options":{"image_generator_settings":{"template":"highway","default_image_id":0,"font":"","enabled":false},"version":2}},"categories":[125],"tags":[392],"class_list":["post-9831","post","type-post","status-publish","format-standard","hentry","category-terceira","tag-dia-mundial-para-a-conservacao-da-natureza"],"jetpack_publicize_connections":[],"jetpack_featured_media_url":"","jetpack_sharing_enabled":true,"jetpack_shortlink":"https:\/\/wp.me\/paT0CI-2yz","_links":{"self":[{"href":"https:\/\/www.montanheiros.com\/en\/wp-json\/wp\/v2\/posts\/9831","targetHints":{"allow":["GET"]}}],"collection":[{"href":"https:\/\/www.montanheiros.com\/en\/wp-json\/wp\/v2\/posts"}],"about":[{"href":"https:\/\/www.montanheiros.com\/en\/wp-json\/wp\/v2\/types\/post"}],"author":[{"embeddable":true,"href":"https:\/\/www.montanheiros.com\/en\/wp-json\/wp\/v2\/users\/1"}],"replies":[{"embeddable":true,"href":"https:\/\/www.montanheiros.com\/en\/wp-json\/wp\/v2\/comments?post=9831"}],"version-history":[{"count":1,"href":"https:\/\/www.montanheiros.com\/en\/wp-json\/wp\/v2\/posts\/9831\/revisions"}],"predecessor-version":[{"id":9833,"href":"https:\/\/www.montanheiros.com\/en\/wp-json\/wp\/v2\/posts\/9831\/revisions\/9833"}],"wp:attachment":[{"href":"https:\/\/www.montanheiros.com\/en\/wp-json\/wp\/v2\/media?parent=9831"}],"wp:term":[{"taxonomy":"category","embeddable":true,"href":"https:\/\/www.montanheiros.com\/en\/wp-json\/wp\/v2\/categories?post=9831"},{"taxonomy":"post_tag","embeddable":true,"href":"https:\/\/www.montanheiros.com\/en\/wp-json\/wp\/v2\/tags?post=9831"}],"curies":[{"name":"wp","href":"https:\/\/api.w.org\/{rel}","templated":true}]}}