{"id":9926,"date":"2007-11-29T16:32:34","date_gmt":"2007-11-29T16:32:34","guid":{"rendered":"http:\/\/montanheiros.cecilia-designs.com\/?p=9926"},"modified":"2019-06-01T16:33:18","modified_gmt":"2019-06-01T16:33:18","slug":"44o-aniversario-dos-montanheiros-ilha-terceira","status":"publish","type":"post","link":"https:\/\/www.montanheiros.com\/en\/2007\/11\/29\/44o-aniversario-dos-montanheiros-ilha-terceira\/","title":{"rendered":"44\u00ba anivers\u00e1rio dos Montanheiros - ilha Terceira"},"content":{"rendered":"\n<p>Os Montanheiros. Sociedade de Explora\u00e7\u00e3o Espeleol\u00f3gica, celebra este ano o seu 44\u00ba anivers\u00e1rio e como \u00e9 habitual ir\u00e3o decorrer v\u00e1rias actividades. 30 de Novembro 20:00h &#8211; Abertura do Museu Vulcanoespeleol\u00f3gico &#8220;Machado Fagundes&#8221; 21:00 &#8211; Sess\u00e3o solene presidida pelo Presidente da Direc\u00e7\u00e3o, Eng.\u00ba Paulo Barcelos, seguida de palestra apresentada pelo Prof. Frias Martins, com o tema &#8220;Conserva\u00e7\u00e3o din\u00e2mica: a vida e a morte de reservas ambientais&#8221;. Segue-se o tradicional conv\u00edvio. 1 de Dezembro 8:00h &#8211; Alvorada e recep\u00e7\u00e3o das filarm\u00f3nicas. Segue-se o conv\u00edvio. 18:00h &#8211; Missa por alma de todos os Montanheiros e s\u00f3cios falecidos, na Igreja Catedral da S\u00e9. 2 de Dezembro 15:00h &#8211; Prova &#8220;Degraus do Algar do Carv\u00e3o&#8221; 20:00h &#8211; Estrega de pr\u00e9mios e diplomas referentes \u00e0s seis provas de competi\u00e7\u00e3o que decorreram ao longo do ano, cuja a organiza\u00e7\u00e3o esteve a cargo dos Montanheiros e da C\u00e2mara Municipal de Angra do Hero\u00edsmo. Segue-se o conv\u00edvio. <\/p>\n","protected":false},"excerpt":{"rendered":"<p>Os Montanheiros. Sociedade de Explora\u00e7\u00e3o Espeleol\u00f3gica, celebra este ano o seu 44\u00ba anivers\u00e1rio e como \u00e9 habitual ir\u00e3o decorrer v\u00e1rias actividades. 30 de Novembro 20:00h &#8211; Abertura do Museu Vulcanoespeleol\u00f3gico &#8220;Machado Fagundes&#8221; 21:00 &#8211; Sess\u00e3o solene presidida pelo Presidente da Direc\u00e7\u00e3o, Eng.\u00ba Paulo Barcelos, seguida de palestra apresentada pelo Prof. Frias Martins, com o tema [&#8230;]\n","protected":false},"author":1,"featured_media":0,"comment_status":"closed","ping_status":"closed","sticky":false,"template":"","format":"standard","meta":{"jetpack_post_was_ever_published":false,"_jetpack_newsletter_access":"","_jetpack_dont_email_post_to_subs":false,"_jetpack_newsletter_tier_id":0,"_jetpack_memberships_contains_paywalled_content":false,"_jetpack_memberships_contains_paid_content":false,"footnotes":"","jetpack_publicize_message":"","jetpack_publicize_feature_enabled":true,"jetpack_social_post_already_shared":true,"jetpack_social_options":{"image_generator_settings":{"template":"highway","default_image_id":0,"font":"","enabled":false},"version":2}},"categories":[125],"tags":[],"class_list":["post-9926","post","type-post","status-publish","format-standard","hentry","category-terceira"],"jetpack_publicize_connections":[],"jetpack_featured_media_url":"","jetpack_sharing_enabled":true,"jetpack_shortlink":"https:\/\/wp.me\/paT0CI-2A6","_links":{"self":[{"href":"https:\/\/www.montanheiros.com\/en\/wp-json\/wp\/v2\/posts\/9926","targetHints":{"allow":["GET"]}}],"collection":[{"href":"https:\/\/www.montanheiros.com\/en\/wp-json\/wp\/v2\/posts"}],"about":[{"href":"https:\/\/www.montanheiros.com\/en\/wp-json\/wp\/v2\/types\/post"}],"author":[{"embeddable":true,"href":"https:\/\/www.montanheiros.com\/en\/wp-json\/wp\/v2\/users\/1"}],"replies":[{"embeddable":true,"href":"https:\/\/www.montanheiros.com\/en\/wp-json\/wp\/v2\/comments?post=9926"}],"version-history":[{"count":1,"href":"https:\/\/www.montanheiros.com\/en\/wp-json\/wp\/v2\/posts\/9926\/revisions"}],"predecessor-version":[{"id":9927,"href":"https:\/\/www.montanheiros.com\/en\/wp-json\/wp\/v2\/posts\/9926\/revisions\/9927"}],"wp:attachment":[{"href":"https:\/\/www.montanheiros.com\/en\/wp-json\/wp\/v2\/media?parent=9926"}],"wp:term":[{"taxonomy":"category","embeddable":true,"href":"https:\/\/www.montanheiros.com\/en\/wp-json\/wp\/v2\/categories?post=9926"},{"taxonomy":"post_tag","embeddable":true,"href":"https:\/\/www.montanheiros.com\/en\/wp-json\/wp\/v2\/tags?post=9926"}],"curies":[{"name":"wp","href":"https:\/\/api.w.org\/{rel}","templated":true}]}}