{"id":9928,"date":"2007-11-30T16:33:42","date_gmt":"2007-11-30T16:33:42","guid":{"rendered":"http:\/\/montanheiros.cecilia-designs.com\/?p=9928"},"modified":"2019-06-01T21:07:51","modified_gmt":"2019-06-01T21:07:51","slug":"44o-aniversario-dos-montanheiros-ilha-de-sao-jorge","status":"publish","type":"post","link":"https:\/\/www.montanheiros.com\/en\/2007\/11\/30\/44o-aniversario-dos-montanheiros-ilha-de-sao-jorge\/","title":{"rendered":"44\u00ba anivers\u00e1rio dos Montanheiros - ilha de S\u00e3o Jorge"},"content":{"rendered":"\n<p>O N\u00facleo dos Montanheiros da ilha de S\u00e3o Jorge associa-se \u00e0s comemora\u00e7\u00f5es do 44.\u00ba anivers\u00e1rio da sua Associa\u00e7\u00e3o \u201cM\u00e3e\u201d, com a realiza\u00e7\u00e3o de uma palestra e de um almo\u00e7o conv\u00edvio no pr\u00f3ximo s\u00e1bado, dia 1 de Dezembro. Ser\u00e1 apresentada pelo Dr. Hugo Laborda a comunica\u00e7\u00e3o \u201cImpacte das Linhas El\u00e9ctricas nas Aves no Arquip\u00e9lago dos A\u00e7ores\u201d, na sequ\u00eancia do trabalho que est\u00e1 a realizar na Regi\u00e3o, parceria entre a EDA (Electricidade dos A\u00e7ores) e a SPEA (Sociedade Portuguesa para o Estudo das Aves). Palestra: Local: Sala de confer\u00eancias da Associa\u00e7\u00e3o dos Bombeiros Volunt\u00e1rios da Calheta Hor\u00e1rio: 11.00 horas Almo\u00e7o: Local: Parque Florestal da Silveira \u2013 Ribeira Seca Hor\u00e1rio: 12.30 horas A Direc\u00e7\u00e3o do N\u00facleo dos Montanheiros de S\u00e3o Jorge agradece a colabora\u00e7\u00e3o da Associa\u00e7\u00e3o dos Bombeiros Volunt\u00e1rios da Calheta e da C\u00e2mara Municipal da Calheta. Para mais informa\u00e7\u00f5es: 295 432 332 <\/p>\n","protected":false},"excerpt":{"rendered":"<p>O N\u00facleo dos Montanheiros da ilha de S\u00e3o Jorge associa-se \u00e0s comemora\u00e7\u00f5es do 44.\u00ba anivers\u00e1rio da sua Associa\u00e7\u00e3o \u201cM\u00e3e\u201d, com a realiza\u00e7\u00e3o de uma palestra e de um almo\u00e7o conv\u00edvio no pr\u00f3ximo s\u00e1bado, dia 1 de Dezembro. Ser\u00e1 apresentada pelo Dr. Hugo Laborda a comunica\u00e7\u00e3o \u201cImpacte das Linhas El\u00e9ctricas nas Aves no Arquip\u00e9lago dos A\u00e7ores\u201d, [&#8230;]\n","protected":false},"author":1,"featured_media":0,"comment_status":"closed","ping_status":"closed","sticky":false,"template":"","format":"standard","meta":{"jetpack_post_was_ever_published":false,"_jetpack_newsletter_access":"","_jetpack_dont_email_post_to_subs":false,"_jetpack_newsletter_tier_id":0,"_jetpack_memberships_contains_paywalled_content":false,"_jetpack_memberships_contains_paid_content":false,"footnotes":"","jetpack_publicize_message":"","jetpack_publicize_feature_enabled":true,"jetpack_social_post_already_shared":true,"jetpack_social_options":{"image_generator_settings":{"template":"highway","default_image_id":0,"font":"","enabled":false},"version":2}},"categories":[124],"tags":[],"class_list":["post-9928","post","type-post","status-publish","format-standard","hentry","category-sjorge"],"jetpack_publicize_connections":[],"jetpack_featured_media_url":"","jetpack_sharing_enabled":true,"jetpack_shortlink":"https:\/\/wp.me\/paT0CI-2A8","_links":{"self":[{"href":"https:\/\/www.montanheiros.com\/en\/wp-json\/wp\/v2\/posts\/9928","targetHints":{"allow":["GET"]}}],"collection":[{"href":"https:\/\/www.montanheiros.com\/en\/wp-json\/wp\/v2\/posts"}],"about":[{"href":"https:\/\/www.montanheiros.com\/en\/wp-json\/wp\/v2\/types\/post"}],"author":[{"embeddable":true,"href":"https:\/\/www.montanheiros.com\/en\/wp-json\/wp\/v2\/users\/1"}],"replies":[{"embeddable":true,"href":"https:\/\/www.montanheiros.com\/en\/wp-json\/wp\/v2\/comments?post=9928"}],"version-history":[{"count":1,"href":"https:\/\/www.montanheiros.com\/en\/wp-json\/wp\/v2\/posts\/9928\/revisions"}],"predecessor-version":[{"id":9929,"href":"https:\/\/www.montanheiros.com\/en\/wp-json\/wp\/v2\/posts\/9928\/revisions\/9929"}],"wp:attachment":[{"href":"https:\/\/www.montanheiros.com\/en\/wp-json\/wp\/v2\/media?parent=9928"}],"wp:term":[{"taxonomy":"category","embeddable":true,"href":"https:\/\/www.montanheiros.com\/en\/wp-json\/wp\/v2\/categories?post=9928"},{"taxonomy":"post_tag","embeddable":true,"href":"https:\/\/www.montanheiros.com\/en\/wp-json\/wp\/v2\/tags?post=9928"}],"curies":[{"name":"wp","href":"https:\/\/api.w.org\/{rel}","templated":true}]}}